{"id":7119,"date":"2021-10-22T15:48:48","date_gmt":"2021-10-22T12:48:48","guid":{"rendered":"https:\/\/bitcoingazete.com\/?p=7119"},"modified":"2021-10-22T15:48:57","modified_gmt":"2021-10-22T12:48:57","slug":"ikinci-abd-bitcoin-vadeli-islemleri-etf-bugun-baslatiliyor-iste-ayrintilar","status":"publish","type":"post","link":"https:\/\/bitcoingazete.com\/en\/ikinci-abd-bitcoin-vadeli-islemleri-etf-bugun-baslatiliyor-iste-ayrintilar\/","title":{"rendered":"\u0130kinci ABD Bitcoin Vadeli \u0130\u015flemleri ETF Bug\u00fcn Ba\u015flat\u0131l\u0131yor \u2013 \u0130\u015fte Ayr\u0131nt\u0131lar"},"content":{"rendered":"<p>Bug\u00fcn yeni bir Bitcoin (BTC) vadeli i\u015flem borsa yat\u0131r\u0131m fonu (ETF) \u00e7\u0131k\u0131yor.<\/p>\n\n\n\n<p>CEO\u00a0<a href=\"https:\/\/twitter.com\/LeahWald\/status\/1451182379016491010\" rel=\"noreferrer noopener\" target=\"_blank\">Leah Wald&#8217;a<\/a>\u00a0g\u00f6re, alternatif bir varl\u0131k y\u00f6netimi firmas\u0131 olan Valkyrie Investments, \u00fclkenin ikinci Bitcoin vadeli ETF&#8217;sini piyasaya s\u00fcr\u00fcyor\u00a0.<\/p>\n\n\n\n<p>Yeni \u00fcr\u00fcn Valkyrie Bitcoin Strategy ETF olarak adland\u0131r\u0131l\u0131yor ve Nasdaq&#8217;ta BTF senedi sembol\u00fc alt\u0131nda i\u015flem g\u00f6recek.<\/p>\n\n\n\n<p class=\"has-vivid-red-color has-text-color\"><em>Son dakika geli\u015fmelerden an\u0131nda haberdar olmak i\u00e7in bizi\u00a0<\/em><a href=\"https:\/\/www.facebook.com\/BitcoinGazete\" target=\"_blank\" rel=\"noreferrer noopener\"><strong><em>Facebook<\/em><\/strong><\/a><em>\u00a0,\u00a0<\/em><strong><em><a href=\"https:\/\/twitter.com\/BitcoinGazete\" target=\"_blank\" rel=\"noreferrer noopener\">Twitter<\/a><\/em><\/strong><em>\u00a0ve\u00a0<a href=\"https:\/\/t.me\/BitcoinGazete\" target=\"_blank\" rel=\"noreferrer noopener\"><strong>Telegram<\/strong><\/a>\u00a0kanal\u0131m\u0131zdan takip edebilirsiniz<\/em>.<\/p>\n\n\n\n<p>Lansman, t\u00fcm zamanlar\u0131n en b\u00fcy\u00fck ikinci ETF lansman\u0131 ile Sal\u0131 g\u00fcn\u00fc piyasaya \u00e7\u0131kan Proshares&#8217;in Bitcoin vadeli i\u015flem borsa yat\u0131r\u0131m fonunun ard\u0131ndan geldi.<\/p>\n\n\n\n<p>ProShares&#8217;in Bitcoin Stratejisi ETF&#8217;si (BITO) gibi, Valkyrie ETF de do\u011frudan BTC&#8217;ye yat\u0131r\u0131m yapmaz, ancak Bitcoin vadeli i\u015flem s\u00f6zle\u015fmelerine fiyat maruziyeti sa\u011flar.<\/p>\n\n\n\n<script async src=\"https:\/\/pagead2.googlesyndication.com\/pagead\/js\/adsbygoogle.js?client=ca-pub-8019846279605542\"\n     crossorigin=\"anonymous\"><\/script>\n<ins class=\"adsbygoogle\"\n     style=\"display:block; text-align:center;\"\n     data-ad-layout=\"in-article\"\n     data-ad-format=\"fluid\"\n     data-ad-client=\"ca-pub-8019846279605542\"\n     data-ad-slot=\"3684161462\"><\/ins>\n<script>\n     (adsbygoogle = window.adsbygoogle || []).push({});\n<\/script>\n\n\n\n\n<p>ETF&#8217;nin&nbsp;<a href=\"https:\/\/www.sec.gov\/ix?doc=\/Archives\/edgar\/data\/0001877493\/000138713121010113\/valk-n1aa_102021.htm\" rel=\"noreferrer noopener\" target=\"_blank\">izahnamesine g\u00f6re<\/a>&nbsp;,<\/p>\n\n\n\n<p style=\"font-size:19px\"><strong><em>\u201cNormal \u015fartlar alt\u0131nda, fon, fon taraf\u0131ndan tutulan vadeli i\u015flem s\u00f6zle\u015fmelerinin alt\u0131nda yatan Bitcoin&#8217;in toplam kavramsal de\u011ferinin\u2026 fonun net varl\u0131klar\u0131n\u0131n %100&#8217;\u00fcne m\u00fcmk\u00fcn oldu\u011funca yak\u0131n olmas\u0131 i\u00e7in bir dizi Bitcoin vadeli i\u015flem s\u00f6zle\u015fmesi sat\u0131n almaya \u00e7al\u0131\u015facakt\u0131r. \u201d<\/em><\/strong><\/p>\n\n\n\n<p>CoinGecko&#8217;ya g\u00f6re Bitcoin, haftada yakla\u015f\u0131k %10 art\u0131\u015fla 62.793 dolardan i\u015flem g\u00f6r\u00fcyor, ancak \u00c7ar\u015famba g\u00fcn\u00fc t\u00fcm zamanlar\u0131n en y\u00fcksek seviyesi olan\u00a0<a href=\"https:\/\/www.coingecko.com\/en\/coins\/bitcoin\" rel=\"noreferrer noopener\" target=\"_blank\">67.276 dolardan d\u00fc\u015ft\u00fc<\/a>\u00a0.<\/p>\n\n\n\n<p><a href=\"https:\/\/bitcoingazete.com\/en\/category\/analizler\/\"><strong>T\u00fcm Analiz ve Yorumlar\u0131 G\u00f6rmek \u0130\u00e7in T\u0131klay\u0131n\u0131z<\/strong><\/a><\/p>\n\n\n\n<p class=\"has-cyan-bluish-gray-color has-text-color has-small-font-size\">Sorumluluk Reddi: Burada ifade edilen g\u00f6r\u00fc\u015f yat\u0131r\u0131m tavsiyesi de\u011fildir \u2013 sadece bilgilendirme ama\u00e7l\u0131d\u0131r. Bitcoingazete.com\u2019un g\u00f6r\u00fc\u015f\u00fcn\u00fc yans\u0131tmamaktad\u0131r. Her yat\u0131r\u0131m ve ticaret risk i\u00e7erir, bu nedenle karar vermeden \u00f6nce daima kendi ara\u015ft\u0131rman\u0131z\u0131 yapmal\u0131s\u0131n\u0131z. Kaybetmeyi g\u00f6ze alamayaca\u011f\u0131n\u0131z parayla yat\u0131r\u0131m yapman\u0131z\u0131 \u00f6nermiyoruz.<\/p>\n\n\n\n<p class=\"has-cyan-bluish-gray-color has-text-color\">Kaynak : dailyhodl<\/p>","protected":false},"excerpt":{"rendered":"<p>Bug\u00fcn yeni bir Bitcoin (BTC) vadeli i\u015flem borsa yat\u0131r\u0131m fonu (ETF) \u00e7\u0131k\u0131yor. CEO\u00a0Leah Wald&#8217;a\u00a0g\u00f6re, alternatif bir varl\u0131k y\u00f6netimi firmas\u0131 olan&#46;&#46;&#46;<\/p>","protected":false},"author":1,"featured_media":3757,"comment_status":"open","ping_status":"open","sticky":false,"template":"","format":"standard","meta":{"nf_dc_page":"","_monsterinsights_skip_tracking":false,"_monsterinsights_sitenote_active":false,"_monsterinsights_sitenote_note":"","_monsterinsights_sitenote_category":0,"_jetpack_memberships_contains_paid_content":false,"footnotes":""},"categories":[3],"tags":[5,35,543],"class_list":["post-7119","post","type-post","status-publish","format-standard","has-post-thumbnail","hentry","category-haberler","tag-bitcoin","tag-btc","tag-eft"],"yoast_head":"<!-- This site is optimized with the Yoast SEO plugin v27.5 - https:\/\/yoast.com\/product\/yoast-seo-wordpress\/ -->\n<title>\u0130kinci ABD Bitcoin Vadeli \u0130\u015flemleri ETF Bug\u00fcn Ba\u015flat\u0131l\u0131yor \u2013 \u0130\u015fte Ayr\u0131nt\u0131lar - bitcoingazete<\/title>\n<meta name=\"description\" content=\"CEO\u00a0Leah Wald&#039;a\u00a0g\u00f6re, alternatif bir varl\u0131k y\u00f6netimi firmas\u0131 olan Valkyrie Investments, \u00fclkenin ikinci Bitcoin vadeli ETF&#039;sini piyasaya s\u00fcr\u00fcyor\u00a0\" \/>\n<meta name=\"robots\" content=\"index, follow, max-snippet:-1, max-image-preview:large, max-video-preview:-1\" \/>\n<link rel=\"canonical\" href=\"https:\/\/bitcoingazete.com\/en\/ikinci-abd-bitcoin-vadeli-islemleri-etf-bugun-baslatiliyor-iste-ayrintilar\/\" \/>\n<meta property=\"og:locale\" content=\"en_GB\" \/>\n<meta property=\"og:type\" content=\"article\" \/>\n<meta property=\"og:title\" content=\"\u0130kinci ABD Bitcoin Vadeli \u0130\u015flemleri ETF Bug\u00fcn Ba\u015flat\u0131l\u0131yor \u2013 \u0130\u015fte Ayr\u0131nt\u0131lar - bitcoingazete\" \/>\n<meta property=\"og:description\" content=\"CEO\u00a0Leah Wald&#039;a\u00a0g\u00f6re, alternatif bir varl\u0131k y\u00f6netimi firmas\u0131 olan Valkyrie Investments, \u00fclkenin ikinci Bitcoin vadeli ETF&#039;sini piyasaya s\u00fcr\u00fcyor\u00a0\" \/>\n<meta property=\"og:url\" content=\"https:\/\/bitcoingazete.com\/en\/ikinci-abd-bitcoin-vadeli-islemleri-etf-bugun-baslatiliyor-iste-ayrintilar\/\" \/>\n<meta property=\"og:site_name\" content=\"bitcoingazete\" \/>\n<meta property=\"article:published_time\" content=\"2021-10-22T12:48:48+00:00\" \/>\n<meta property=\"article:modified_time\" content=\"2021-10-22T12:48:57+00:00\" \/>\n<meta property=\"og:image\" content=\"https:\/\/i1.wp.com\/bitcoingazete.com\/wp-content\/uploads\/2021\/08\/Bitcoin-ETF-icin-Varlik-Dosyalarina.jpg?fit=1200%2C675&ssl=1\" \/>\n\t<meta property=\"og:image:width\" content=\"1200\" \/>\n\t<meta property=\"og:image:height\" content=\"675\" \/>\n\t<meta property=\"og:image:type\" content=\"image\/jpeg\" \/>\n<meta name=\"author\" content=\"Bitcoingazete\" \/>\n<meta name=\"twitter:card\" content=\"summary_large_image\" \/>\n<meta name=\"twitter:creator\" content=\"@admin\" \/>\n<meta name=\"twitter:site\" content=\"@admin\" \/>\n<meta name=\"twitter:label1\" content=\"Written by\" \/>\n\t<meta name=\"twitter:data1\" content=\"Bitcoingazete\" \/>\n\t<meta name=\"twitter:label2\" content=\"Estimated reading time\" \/>\n\t<meta name=\"twitter:data2\" content=\"1 minute\" \/>\n<script type=\"application\/ld+json\" class=\"yoast-schema-graph\">{\"@context\":\"https:\\\/\\\/schema.org\",\"@graph\":[{\"@type\":\"Article\",\"@id\":\"https:\\\/\\\/bitcoingazete.com\\\/ikinci-abd-bitcoin-vadeli-islemleri-etf-bugun-baslatiliyor-iste-ayrintilar\\\/#article\",\"isPartOf\":{\"@id\":\"https:\\\/\\\/bitcoingazete.com\\\/ikinci-abd-bitcoin-vadeli-islemleri-etf-bugun-baslatiliyor-iste-ayrintilar\\\/\"},\"author\":{\"name\":\"Bitcoingazete\",\"@id\":\"https:\\\/\\\/bitcoingazete.com\\\/#\\\/schema\\\/person\\\/c0a424e64fb9018954d8deb9db9353a3\"},\"headline\":\"\u0130kinci ABD Bitcoin Vadeli \u0130\u015flemleri ETF Bug\u00fcn Ba\u015flat\u0131l\u0131yor \u2013 \u0130\u015fte Ayr\u0131nt\u0131lar\",\"datePublished\":\"2021-10-22T12:48:48+00:00\",\"dateModified\":\"2021-10-22T12:48:57+00:00\",\"mainEntityOfPage\":{\"@id\":\"https:\\\/\\\/bitcoingazete.com\\\/ikinci-abd-bitcoin-vadeli-islemleri-etf-bugun-baslatiliyor-iste-ayrintilar\\\/\"},\"wordCount\":341,\"commentCount\":0,\"publisher\":{\"@id\":\"https:\\\/\\\/bitcoingazete.com\\\/#\\\/schema\\\/person\\\/c0a424e64fb9018954d8deb9db9353a3\"},\"image\":{\"@id\":\"https:\\\/\\\/bitcoingazete.com\\\/ikinci-abd-bitcoin-vadeli-islemleri-etf-bugun-baslatiliyor-iste-ayrintilar\\\/#primaryimage\"},\"thumbnailUrl\":\"https:\\\/\\\/i0.wp.com\\\/bitcoingazete.com\\\/wp-content\\\/uploads\\\/2021\\\/08\\\/Bitcoin-ETF-icin-Varlik-Dosyalarina.jpg?fit=1200%2C675&ssl=1\",\"keywords\":[\"bitcoin\",\"btc\",\"eft\"],\"articleSection\":[\"Haberler\"],\"inLanguage\":\"en-GB\",\"potentialAction\":[{\"@type\":\"CommentAction\",\"name\":\"Comment\",\"target\":[\"https:\\\/\\\/bitcoingazete.com\\\/ikinci-abd-bitcoin-vadeli-islemleri-etf-bugun-baslatiliyor-iste-ayrintilar\\\/#respond\"]}]},{\"@type\":\"WebPage\",\"@id\":\"https:\\\/\\\/bitcoingazete.com\\\/ikinci-abd-bitcoin-vadeli-islemleri-etf-bugun-baslatiliyor-iste-ayrintilar\\\/\",\"url\":\"https:\\\/\\\/bitcoingazete.com\\\/ikinci-abd-bitcoin-vadeli-islemleri-etf-bugun-baslatiliyor-iste-ayrintilar\\\/\",\"name\":\"\u0130kinci ABD Bitcoin Vadeli \u0130\u015flemleri ETF Bug\u00fcn Ba\u015flat\u0131l\u0131yor \u2013 \u0130\u015fte Ayr\u0131nt\u0131lar - bitcoingazete\",\"isPartOf\":{\"@id\":\"https:\\\/\\\/bitcoingazete.com\\\/#website\"},\"primaryImageOfPage\":{\"@id\":\"https:\\\/\\\/bitcoingazete.com\\\/ikinci-abd-bitcoin-vadeli-islemleri-etf-bugun-baslatiliyor-iste-ayrintilar\\\/#primaryimage\"},\"image\":{\"@id\":\"https:\\\/\\\/bitcoingazete.com\\\/ikinci-abd-bitcoin-vadeli-islemleri-etf-bugun-baslatiliyor-iste-ayrintilar\\\/#primaryimage\"},\"thumbnailUrl\":\"https:\\\/\\\/i0.wp.com\\\/bitcoingazete.com\\\/wp-content\\\/uploads\\\/2021\\\/08\\\/Bitcoin-ETF-icin-Varlik-Dosyalarina.jpg?fit=1200%2C675&ssl=1\",\"datePublished\":\"2021-10-22T12:48:48+00:00\",\"dateModified\":\"2021-10-22T12:48:57+00:00\",\"description\":\"CEO\u00a0Leah Wald'a\u00a0g\u00f6re, alternatif bir varl\u0131k y\u00f6netimi firmas\u0131 olan Valkyrie Investments, \u00fclkenin ikinci Bitcoin vadeli ETF'sini piyasaya s\u00fcr\u00fcyor\u00a0\",\"breadcrumb\":{\"@id\":\"https:\\\/\\\/bitcoingazete.com\\\/ikinci-abd-bitcoin-vadeli-islemleri-etf-bugun-baslatiliyor-iste-ayrintilar\\\/#breadcrumb\"},\"inLanguage\":\"en-GB\",\"potentialAction\":[{\"@type\":\"ReadAction\",\"target\":[\"https:\\\/\\\/bitcoingazete.com\\\/ikinci-abd-bitcoin-vadeli-islemleri-etf-bugun-baslatiliyor-iste-ayrintilar\\\/\"]}]},{\"@type\":\"ImageObject\",\"inLanguage\":\"en-GB\",\"@id\":\"https:\\\/\\\/bitcoingazete.com\\\/ikinci-abd-bitcoin-vadeli-islemleri-etf-bugun-baslatiliyor-iste-ayrintilar\\\/#primaryimage\",\"url\":\"https:\\\/\\\/i0.wp.com\\\/bitcoingazete.com\\\/wp-content\\\/uploads\\\/2021\\\/08\\\/Bitcoin-ETF-icin-Varlik-Dosyalarina.jpg?fit=1200%2C675&ssl=1\",\"contentUrl\":\"https:\\\/\\\/i0.wp.com\\\/bitcoingazete.com\\\/wp-content\\\/uploads\\\/2021\\\/08\\\/Bitcoin-ETF-icin-Varlik-Dosyalarina.jpg?fit=1200%2C675&ssl=1\",\"width\":1200,\"height\":675,\"caption\":\"etf\"},{\"@type\":\"BreadcrumbList\",\"@id\":\"https:\\\/\\\/bitcoingazete.com\\\/ikinci-abd-bitcoin-vadeli-islemleri-etf-bugun-baslatiliyor-iste-ayrintilar\\\/#breadcrumb\",\"itemListElement\":[{\"@type\":\"ListItem\",\"position\":1,\"name\":\"Home\",\"item\":\"https:\\\/\\\/bitcoingazete.com\\\/\"},{\"@type\":\"ListItem\",\"position\":2,\"name\":\"\u0130kinci ABD Bitcoin Vadeli \u0130\u015flemleri ETF Bug\u00fcn Ba\u015flat\u0131l\u0131yor \u2013 \u0130\u015fte Ayr\u0131nt\u0131lar\"}]},{\"@type\":\"WebSite\",\"@id\":\"https:\\\/\\\/bitcoingazete.com\\\/#website\",\"url\":\"https:\\\/\\\/bitcoingazete.com\\\/\",\"name\":\"bitcoingazete\",\"description\":\"bitcoingazete\",\"publisher\":{\"@id\":\"https:\\\/\\\/bitcoingazete.com\\\/#\\\/schema\\\/person\\\/c0a424e64fb9018954d8deb9db9353a3\"},\"potentialAction\":[{\"@type\":\"SearchAction\",\"target\":{\"@type\":\"EntryPoint\",\"urlTemplate\":\"https:\\\/\\\/bitcoingazete.com\\\/?s={search_term_string}\"},\"query-input\":{\"@type\":\"PropertyValueSpecification\",\"valueRequired\":true,\"valueName\":\"search_term_string\"}}],\"inLanguage\":\"en-GB\"},{\"@type\":[\"Person\",\"Organization\"],\"@id\":\"https:\\\/\\\/bitcoingazete.com\\\/#\\\/schema\\\/person\\\/c0a424e64fb9018954d8deb9db9353a3\",\"name\":\"Bitcoingazete\",\"image\":{\"@type\":\"ImageObject\",\"inLanguage\":\"en-GB\",\"@id\":\"https:\\\/\\\/secure.gravatar.com\\\/avatar\\\/45aa7db6007ede6bc0bc4c5af22a8653a35099f44bd51060a992214d2cfeff92?s=96&d=mm&r=g\",\"url\":\"https:\\\/\\\/secure.gravatar.com\\\/avatar\\\/45aa7db6007ede6bc0bc4c5af22a8653a35099f44bd51060a992214d2cfeff92?s=96&d=mm&r=g\",\"contentUrl\":\"https:\\\/\\\/secure.gravatar.com\\\/avatar\\\/45aa7db6007ede6bc0bc4c5af22a8653a35099f44bd51060a992214d2cfeff92?s=96&d=mm&r=g\",\"caption\":\"Bitcoingazete\"},\"logo\":{\"@id\":\"https:\\\/\\\/secure.gravatar.com\\\/avatar\\\/45aa7db6007ede6bc0bc4c5af22a8653a35099f44bd51060a992214d2cfeff92?s=96&d=mm&r=g\"},\"description\":\"BITCOIN &amp; BLOCKCHAIN Sekt\u00f6r\u00fcnde 2015 y\u0131l\u0131 itibari ile uzman kadrosu ile hizmet vermekteyiz. Amac\u0131m\u0131z do\u011fru ve g\u00fcncel BITCOIN Haberlerini g\u00fcnl\u00fck iletmektir.\",\"sameAs\":[\"https:\\\/\\\/x.com\\\/admin\"]}]}<\/script>\n<!-- \/ Yoast SEO plugin. -->","yoast_head_json":{"title":"\u0130kinci ABD Bitcoin Vadeli \u0130\u015flemleri ETF Bug\u00fcn Ba\u015flat\u0131l\u0131yor \u2013 \u0130\u015fte Ayr\u0131nt\u0131lar - bitcoingazete","description":"CEO\u00a0Leah Wald'a\u00a0g\u00f6re, alternatif bir varl\u0131k y\u00f6netimi firmas\u0131 olan Valkyrie Investments, \u00fclkenin ikinci Bitcoin vadeli ETF'sini piyasaya s\u00fcr\u00fcyor\u00a0","robots":{"index":"index","follow":"follow","max-snippet":"max-snippet:-1","max-image-preview":"max-image-preview:large","max-video-preview":"max-video-preview:-1"},"canonical":"https:\/\/bitcoingazete.com\/en\/ikinci-abd-bitcoin-vadeli-islemleri-etf-bugun-baslatiliyor-iste-ayrintilar\/","og_locale":"en_GB","og_type":"article","og_title":"\u0130kinci ABD Bitcoin Vadeli \u0130\u015flemleri ETF Bug\u00fcn Ba\u015flat\u0131l\u0131yor \u2013 \u0130\u015fte Ayr\u0131nt\u0131lar - bitcoingazete","og_description":"CEO\u00a0Leah Wald'a\u00a0g\u00f6re, alternatif bir varl\u0131k y\u00f6netimi firmas\u0131 olan Valkyrie Investments, \u00fclkenin ikinci Bitcoin vadeli ETF'sini piyasaya s\u00fcr\u00fcyor\u00a0","og_url":"https:\/\/bitcoingazete.com\/en\/ikinci-abd-bitcoin-vadeli-islemleri-etf-bugun-baslatiliyor-iste-ayrintilar\/","og_site_name":"bitcoingazete","article_published_time":"2021-10-22T12:48:48+00:00","article_modified_time":"2021-10-22T12:48:57+00:00","og_image":[{"width":1200,"height":675,"url":"https:\/\/i1.wp.com\/bitcoingazete.com\/wp-content\/uploads\/2021\/08\/Bitcoin-ETF-icin-Varlik-Dosyalarina.jpg?fit=1200%2C675&ssl=1","type":"image\/jpeg"}],"author":"Bitcoingazete","twitter_card":"summary_large_image","twitter_creator":"@admin","twitter_site":"@admin","twitter_misc":{"Written by":"Bitcoingazete","Estimated reading time":"1 minute"},"schema":{"@context":"https:\/\/schema.org","@graph":[{"@type":"Article","@id":"https:\/\/bitcoingazete.com\/ikinci-abd-bitcoin-vadeli-islemleri-etf-bugun-baslatiliyor-iste-ayrintilar\/#article","isPartOf":{"@id":"https:\/\/bitcoingazete.com\/ikinci-abd-bitcoin-vadeli-islemleri-etf-bugun-baslatiliyor-iste-ayrintilar\/"},"author":{"name":"Bitcoingazete","@id":"https:\/\/bitcoingazete.com\/#\/schema\/person\/c0a424e64fb9018954d8deb9db9353a3"},"headline":"\u0130kinci ABD Bitcoin Vadeli \u0130\u015flemleri ETF Bug\u00fcn Ba\u015flat\u0131l\u0131yor \u2013 \u0130\u015fte Ayr\u0131nt\u0131lar","datePublished":"2021-10-22T12:48:48+00:00","dateModified":"2021-10-22T12:48:57+00:00","mainEntityOfPage":{"@id":"https:\/\/bitcoingazete.com\/ikinci-abd-bitcoin-vadeli-islemleri-etf-bugun-baslatiliyor-iste-ayrintilar\/"},"wordCount":341,"commentCount":0,"publisher":{"@id":"https:\/\/bitcoingazete.com\/#\/schema\/person\/c0a424e64fb9018954d8deb9db9353a3"},"image":{"@id":"https:\/\/bitcoingazete.com\/ikinci-abd-bitcoin-vadeli-islemleri-etf-bugun-baslatiliyor-iste-ayrintilar\/#primaryimage"},"thumbnailUrl":"https:\/\/i0.wp.com\/bitcoingazete.com\/wp-content\/uploads\/2021\/08\/Bitcoin-ETF-icin-Varlik-Dosyalarina.jpg?fit=1200%2C675&ssl=1","keywords":["bitcoin","btc","eft"],"articleSection":["Haberler"],"inLanguage":"en-GB","potentialAction":[{"@type":"CommentAction","name":"Comment","target":["https:\/\/bitcoingazete.com\/ikinci-abd-bitcoin-vadeli-islemleri-etf-bugun-baslatiliyor-iste-ayrintilar\/#respond"]}]},{"@type":"WebPage","@id":"https:\/\/bitcoingazete.com\/ikinci-abd-bitcoin-vadeli-islemleri-etf-bugun-baslatiliyor-iste-ayrintilar\/","url":"https:\/\/bitcoingazete.com\/ikinci-abd-bitcoin-vadeli-islemleri-etf-bugun-baslatiliyor-iste-ayrintilar\/","name":"\u0130kinci ABD Bitcoin Vadeli \u0130\u015flemleri ETF Bug\u00fcn Ba\u015flat\u0131l\u0131yor \u2013 \u0130\u015fte Ayr\u0131nt\u0131lar - bitcoingazete","isPartOf":{"@id":"https:\/\/bitcoingazete.com\/#website"},"primaryImageOfPage":{"@id":"https:\/\/bitcoingazete.com\/ikinci-abd-bitcoin-vadeli-islemleri-etf-bugun-baslatiliyor-iste-ayrintilar\/#primaryimage"},"image":{"@id":"https:\/\/bitcoingazete.com\/ikinci-abd-bitcoin-vadeli-islemleri-etf-bugun-baslatiliyor-iste-ayrintilar\/#primaryimage"},"thumbnailUrl":"https:\/\/i0.wp.com\/bitcoingazete.com\/wp-content\/uploads\/2021\/08\/Bitcoin-ETF-icin-Varlik-Dosyalarina.jpg?fit=1200%2C675&ssl=1","datePublished":"2021-10-22T12:48:48+00:00","dateModified":"2021-10-22T12:48:57+00:00","description":"CEO\u00a0Leah Wald'a\u00a0g\u00f6re, alternatif bir varl\u0131k y\u00f6netimi firmas\u0131 olan Valkyrie Investments, \u00fclkenin ikinci Bitcoin vadeli ETF'sini piyasaya s\u00fcr\u00fcyor\u00a0","breadcrumb":{"@id":"https:\/\/bitcoingazete.com\/ikinci-abd-bitcoin-vadeli-islemleri-etf-bugun-baslatiliyor-iste-ayrintilar\/#breadcrumb"},"inLanguage":"en-GB","potentialAction":[{"@type":"ReadAction","target":["https:\/\/bitcoingazete.com\/ikinci-abd-bitcoin-vadeli-islemleri-etf-bugun-baslatiliyor-iste-ayrintilar\/"]}]},{"@type":"ImageObject","inLanguage":"en-GB","@id":"https:\/\/bitcoingazete.com\/ikinci-abd-bitcoin-vadeli-islemleri-etf-bugun-baslatiliyor-iste-ayrintilar\/#primaryimage","url":"https:\/\/i0.wp.com\/bitcoingazete.com\/wp-content\/uploads\/2021\/08\/Bitcoin-ETF-icin-Varlik-Dosyalarina.jpg?fit=1200%2C675&ssl=1","contentUrl":"https:\/\/i0.wp.com\/bitcoingazete.com\/wp-content\/uploads\/2021\/08\/Bitcoin-ETF-icin-Varlik-Dosyalarina.jpg?fit=1200%2C675&ssl=1","width":1200,"height":675,"caption":"etf"},{"@type":"BreadcrumbList","@id":"https:\/\/bitcoingazete.com\/ikinci-abd-bitcoin-vadeli-islemleri-etf-bugun-baslatiliyor-iste-ayrintilar\/#breadcrumb","itemListElement":[{"@type":"ListItem","position":1,"name":"Home","item":"https:\/\/bitcoingazete.com\/"},{"@type":"ListItem","position":2,"name":"\u0130kinci ABD Bitcoin Vadeli \u0130\u015flemleri ETF Bug\u00fcn Ba\u015flat\u0131l\u0131yor \u2013 \u0130\u015fte Ayr\u0131nt\u0131lar"}]},{"@type":"WebSite","@id":"https:\/\/bitcoingazete.com\/#website","url":"https:\/\/bitcoingazete.com\/","name":"bitcoingazete","description":"bitcoingazete","publisher":{"@id":"https:\/\/bitcoingazete.com\/#\/schema\/person\/c0a424e64fb9018954d8deb9db9353a3"},"potentialAction":[{"@type":"SearchAction","target":{"@type":"EntryPoint","urlTemplate":"https:\/\/bitcoingazete.com\/?s={search_term_string}"},"query-input":{"@type":"PropertyValueSpecification","valueRequired":true,"valueName":"search_term_string"}}],"inLanguage":"en-GB"},{"@type":["Person","Organization"],"@id":"https:\/\/bitcoingazete.com\/#\/schema\/person\/c0a424e64fb9018954d8deb9db9353a3","name":"Bitcoingazete","image":{"@type":"ImageObject","inLanguage":"en-GB","@id":"https:\/\/secure.gravatar.com\/avatar\/45aa7db6007ede6bc0bc4c5af22a8653a35099f44bd51060a992214d2cfeff92?s=96&d=mm&r=g","url":"https:\/\/secure.gravatar.com\/avatar\/45aa7db6007ede6bc0bc4c5af22a8653a35099f44bd51060a992214d2cfeff92?s=96&d=mm&r=g","contentUrl":"https:\/\/secure.gravatar.com\/avatar\/45aa7db6007ede6bc0bc4c5af22a8653a35099f44bd51060a992214d2cfeff92?s=96&d=mm&r=g","caption":"Bitcoingazete"},"logo":{"@id":"https:\/\/secure.gravatar.com\/avatar\/45aa7db6007ede6bc0bc4c5af22a8653a35099f44bd51060a992214d2cfeff92?s=96&d=mm&r=g"},"description":"BITCOIN &amp; BLOCKCHAIN Sekt\u00f6r\u00fcnde 2015 y\u0131l\u0131 itibari ile uzman kadrosu ile hizmet vermekteyiz. Amac\u0131m\u0131z do\u011fru ve g\u00fcncel BITCOIN Haberlerini g\u00fcnl\u00fck iletmektir.","sameAs":["https:\/\/x.com\/admin"]}]}},"jetpack_featured_media_url":"https:\/\/i0.wp.com\/bitcoingazete.com\/wp-content\/uploads\/2021\/08\/Bitcoin-ETF-icin-Varlik-Dosyalarina.jpg?fit=1200%2C675&ssl=1","jetpack_sharing_enabled":true,"amp_enabled":true,"_links":{"self":[{"href":"https:\/\/bitcoingazete.com\/en\/wp-json\/wp\/v2\/posts\/7119","targetHints":{"allow":["GET"]}}],"collection":[{"href":"https:\/\/bitcoingazete.com\/en\/wp-json\/wp\/v2\/posts"}],"about":[{"href":"https:\/\/bitcoingazete.com\/en\/wp-json\/wp\/v2\/types\/post"}],"author":[{"embeddable":true,"href":"https:\/\/bitcoingazete.com\/en\/wp-json\/wp\/v2\/users\/1"}],"replies":[{"embeddable":true,"href":"https:\/\/bitcoingazete.com\/en\/wp-json\/wp\/v2\/comments?post=7119"}],"version-history":[{"count":1,"href":"https:\/\/bitcoingazete.com\/en\/wp-json\/wp\/v2\/posts\/7119\/revisions"}],"predecessor-version":[{"id":7120,"href":"https:\/\/bitcoingazete.com\/en\/wp-json\/wp\/v2\/posts\/7119\/revisions\/7120"}],"wp:featuredmedia":[{"embeddable":true,"href":"https:\/\/bitcoingazete.com\/en\/wp-json\/wp\/v2\/media\/3757"}],"wp:attachment":[{"href":"https:\/\/bitcoingazete.com\/en\/wp-json\/wp\/v2\/media?parent=7119"}],"wp:term":[{"taxonomy":"category","embeddable":true,"href":"https:\/\/bitcoingazete.com\/en\/wp-json\/wp\/v2\/categories?post=7119"},{"taxonomy":"post_tag","embeddable":true,"href":"https:\/\/bitcoingazete.com\/en\/wp-json\/wp\/v2\/tags?post=7119"}],"curies":[{"name":"wp","href":"https:\/\/api.w.org\/{rel}","templated":true}]}}