{"id":4791,"date":"2021-09-01T09:50:51","date_gmt":"2021-09-01T06:50:51","guid":{"rendered":"https:\/\/bitcoingazete.com\/?p=4791"},"modified":"2021-09-01T09:51:02","modified_gmt":"2021-09-01T06:51:02","slug":"ecb-baskan-yardimcisi-kriptoyu-yasaklamayacagini-soyledi-ancak-kara-para-aklama-ve-terorizme-karsi-uyardi","status":"publish","type":"post","link":"https:\/\/bitcoingazete.com\/en\/ecb-baskan-yardimcisi-kriptoyu-yasaklamayacagini-soyledi-ancak-kara-para-aklama-ve-terorizme-karsi-uyardi\/","title":{"rendered":"ECB Ba\u015fkan Yard\u0131mc\u0131s\u0131 Kriptoyu Yasaklamayaca\u011f\u0131n\u0131 S\u00f6yledi, Ancak Kara Para Aklama ve Ter\u00f6rizme Kar\u015f\u0131 Uyard\u0131"},"content":{"rendered":"<p>Avrupa Merkez Bankas\u0131 (ECB) ba\u015fkan yard\u0131mc\u0131s\u0131 Luis de Guindos, kripto para birimlerini yasaklamak istemedi\u011fini, ancak yeni ortaya \u00e7\u0131kan sekt\u00f6rde finansal su\u00e7lar\u0131 engellemek i\u00e7in kurallar olu\u015fturman\u0131n \u00f6nemini vurgulad\u0131\u011f\u0131n\u0131 s\u00f6yledi.<\/p>\n\n\n\n<p>Madrid merkezli haber kayna\u011f\u0131 myconomy&#8217;den bir rapora g\u00f6re, ECB y\u00f6neticisi&nbsp;kripto para birimlerinin \u015f\u00fcpheli ve yasa d\u0131\u015f\u0131 faaliyetlerde kullan\u0131lmas\u0131n\u0131 \u00f6nlemek i\u00e7in \u00f6nlemler al\u0131nmas\u0131n\u0131 istedi\u011fini&nbsp;<a href=\"https:\/\/intereconomia.com\/programas\/myconomy\/de-guindos-aboga-por-exigir-a-las-criptomonedas-lo-mismo-que-a-otros-activos-20210825-1731\/\" rel=\"noreferrer noopener\" target=\"_blank\">s\u00f6yledi<\/a>&nbsp;.<\/p>\n\n\n\n<p><em>Bunlar\u0131 yasaklamam ama ihra\u00e7\u00e7\u0131lar\u0131n di\u011fer finansal varl\u0131klarla ayn\u0131 ko\u015fullara uymas\u0131 ve kara para aklama veya ter\u00f6r\u00fcn finansman\u0131 ile ilgili her \u015feyden ka\u00e7\u0131nmas\u0131 gerekiyor.\u201d<\/em><\/p>\n\n\n\n<p class=\"has-vivid-red-color has-text-color\"><em>Son dakika geli\u015fmelerden an\u0131nda haberdar olmak i\u00e7in bizi&nbsp;<a href=\"https:\/\/www.facebook.com\/BitcoinGazete\" target=\"_blank\" rel=\"noreferrer noopener\"><strong>Facebook<\/strong><\/a>&nbsp;,&nbsp;<strong><a href=\"https:\/\/twitter.com\/BitcoinGazete\" target=\"_blank\" rel=\"noreferrer noopener\">Twitter<\/a><\/strong>&nbsp;ve&nbsp;<a href=\"https:\/\/t.me\/BitcoinGazete\" target=\"_blank\" rel=\"noreferrer noopener\"><strong>Telegram<\/strong><\/a>&nbsp;kanal\u0131m\u0131zdan takip edebilirsiniz<\/em>.<\/p>\n\n\n\n<p>De Guindos, kripto para birimlerinin \u201cfinansal istikrar \u00fczerinde hi\u00e7bir etkisi olmayaca\u011f\u0131na\u201d inan\u0131yor.<\/p>\n\n\n\n<p>ECB ba\u015fkan yard\u0131mc\u0131s\u0131n\u0131n a\u00e7\u0131klamas\u0131, Avrupa Birli\u011fi&#8217;nin (AB) y\u00fcr\u00fctme organ\u0131 olarak hizmet veren Avrupa Komisyonu&#8217;nun&nbsp;kripto para birimi i\u015flemlerinde yer alan taraflar\u0131 yak\u0131ndan izlemeyi ama\u00e7layan yeni kurallar&nbsp;<a href=\"https:\/\/www.euronews.com\/next\/2021\/07\/21\/eu-will-make-bitcoin-traceable-and-ban-anonymous-crypto-wallets-in-anti-money-laundering-d\" rel=\"noreferrer noopener\" target=\"_blank\">\u00f6nerdi\u011fi bir zamanda<\/a>&nbsp;geldi.<\/p>\n\n\n\n<p>\u00d6nerilen kurallardan baz\u0131lar\u0131, geleneksel finans kurumlar\u0131n\u0131n izledi\u011fine benzer \u015fekilde daha kapsaml\u0131 m\u00fc\u015fterinizi tan\u0131y\u0131n s\u00fcre\u00e7leri uygulamak i\u00e7in kripto para borsalar\u0131n\u0131 zorunlu k\u0131lacakt\u0131r.&nbsp;Kripto para birimi i\u015flemleri, banka havaleleri ile ayn\u0131 \u015fekilde ele al\u0131nacak ve \u00f6nerilen \u00f6nlemler kapsam\u0131nda onlar\u0131 daha izlenebilir hale getirecektir.<\/p>\n\n\n\n<p>Yeni kurallar ayn\u0131 zamanda anonim kripto para c\u00fczdanlar\u0131n\u0131 yasaklamay\u0131 ama\u00e7larken, AB i\u00e7inde kripto para birimi sekt\u00f6r\u00fcne g\u00f6zetim sa\u011flamakla g\u00f6revli yeni bir kara para aklama kar\u015f\u0131t\u0131 kurum kurmay\u0131 ama\u00e7l\u0131yor.<\/p>\n\n\n\n<p>Avrupa Komisyonu diyor ki,<\/p>\n\n\n\n<p><em>&#8220;Bu paketin amac\u0131, \u015f\u00fcpheli i\u015flem ve faaliyetlerin tespitini iyile\u015ftirmek ve su\u00e7lular\u0131n yasad\u0131\u015f\u0131 gelirleri aklamak veya ter\u00f6r faaliyetlerini finansal sistem arac\u0131l\u0131\u011f\u0131yla finanse etmek i\u00e7in kulland\u0131klar\u0131 yasal bo\u015fluklar\u0131 kapatmakt\u0131r.&#8221;<\/em><\/p>\n\n\n\n<blockquote class=\"wp-block-quote is-layout-flow wp-block-quote-is-layout-flow\"><p><strong><a href=\"https:\/\/bitcoingazete.com\/en\/category\/analizler\/\">T\u00fcm Analiz ve Yorumlar\u0131 G\u00f6rmek \u0130\u00e7in T\u0131klay\u0131n\u0131z<\/a><\/strong><\/p><\/blockquote>\n\n\n\n<p class=\"has-cyan-bluish-gray-color has-text-color has-small-font-size\">Sorumluluk Reddi: Burada ifade edilen g\u00f6r\u00fc\u015f yat\u0131r\u0131m tavsiyesi de\u011fildir \u2013 sadece bilgilendirme ama\u00e7l\u0131d\u0131r. Bitcoingazete.com\u2019un g\u00f6r\u00fc\u015f\u00fcn\u00fc yans\u0131tmamaktad\u0131r. Her yat\u0131r\u0131m ve ticaret risk i\u00e7erir, bu nedenle karar vermeden \u00f6nce daima kendi ara\u015ft\u0131rman\u0131z\u0131 yapmal\u0131s\u0131n\u0131z. Kaybetmeyi g\u00f6ze alamayaca\u011f\u0131n\u0131z parayla yat\u0131r\u0131m yapman\u0131z\u0131 \u00f6nermiyoruz.<\/p>\n\n\n\n<p class=\"has-cyan-bluish-gray-color has-text-color\">Kaynak : dailyhodl.com<\/p>","protected":false},"excerpt":{"rendered":"<p>Avrupa Merkez Bankas\u0131 (ECB) ba\u015fkan yard\u0131mc\u0131s\u0131 Luis de Guindos, kripto para birimlerini yasaklamak istemedi\u011fini, ancak yeni ortaya \u00e7\u0131kan sekt\u00f6rde finansal&#46;&#46;&#46;<\/p>","protected":false},"author":1,"featured_media":4792,"comment_status":"open","ping_status":"open","sticky":false,"template":"","format":"standard","meta":{"nf_dc_page":"","_monsterinsights_skip_tracking":false,"_monsterinsights_sitenote_active":false,"_monsterinsights_sitenote_note":"","_monsterinsights_sitenote_category":0,"_jetpack_memberships_contains_paid_content":false,"footnotes":""},"categories":[3],"tags":[429],"class_list":["post-4791","post","type-post","status-publish","format-standard","has-post-thumbnail","hentry","category-haberler","tag-ecb"],"yoast_head":"<!-- This site is optimized with the Yoast SEO plugin v27.4 - https:\/\/yoast.com\/product\/yoast-seo-wordpress\/ -->\n<title>ECB Ba\u015fkan Yard\u0131mc\u0131s\u0131 Kriptoyu Yasaklamayaca\u011f\u0131n\u0131 S\u00f6yledi, Ancak Kara Para Aklama ve Ter\u00f6rizme Kar\u015f\u0131 Uyard\u0131 - bitcoingazete<\/title>\n<meta name=\"description\" content=\"Avrupa Merkez Bankas\u0131 (ECB) ba\u015fkan yard\u0131mc\u0131s\u0131 Luis de Guindos, kripto para birimlerini yasaklamak istemedi\u011fini, ancak yeni ortaya \u00e7\u0131kan\" \/>\n<meta name=\"robots\" content=\"index, follow, max-snippet:-1, max-image-preview:large, max-video-preview:-1\" \/>\n<link rel=\"canonical\" href=\"https:\/\/bitcoingazete.com\/en\/ecb-baskan-yardimcisi-kriptoyu-yasaklamayacagini-soyledi-ancak-kara-para-aklama-ve-terorizme-karsi-uyardi\/\" \/>\n<meta property=\"og:locale\" content=\"en_GB\" \/>\n<meta property=\"og:type\" content=\"article\" \/>\n<meta property=\"og:title\" content=\"ECB Ba\u015fkan Yard\u0131mc\u0131s\u0131 Kriptoyu Yasaklamayaca\u011f\u0131n\u0131 S\u00f6yledi, Ancak Kara Para Aklama ve Ter\u00f6rizme Kar\u015f\u0131 Uyard\u0131 - bitcoingazete\" \/>\n<meta property=\"og:description\" content=\"Avrupa Merkez Bankas\u0131 (ECB) ba\u015fkan yard\u0131mc\u0131s\u0131 Luis de Guindos, kripto para birimlerini yasaklamak istemedi\u011fini, ancak yeni ortaya \u00e7\u0131kan\" \/>\n<meta property=\"og:url\" content=\"https:\/\/bitcoingazete.com\/en\/ecb-baskan-yardimcisi-kriptoyu-yasaklamayacagini-soyledi-ancak-kara-para-aklama-ve-terorizme-karsi-uyardi\/\" \/>\n<meta property=\"og:site_name\" content=\"bitcoingazete\" \/>\n<meta property=\"article:published_time\" content=\"2021-09-01T06:50:51+00:00\" \/>\n<meta property=\"article:modified_time\" content=\"2021-09-01T06:51:02+00:00\" \/>\n<meta property=\"og:image\" content=\"https:\/\/i2.wp.com\/bitcoingazete.com\/wp-content\/uploads\/2021\/08\/ECB-Baskan-Yardimcisi-Kriptoyu-Yasaklamayacagini-Soyledi-Ancak-Kara-Para-Aklama-ve-Terorizme-Karsi-Uyardi.jpg?fit=1200%2C675&ssl=1\" \/>\n\t<meta property=\"og:image:width\" content=\"1200\" \/>\n\t<meta property=\"og:image:height\" content=\"675\" \/>\n\t<meta property=\"og:image:type\" content=\"image\/jpeg\" \/>\n<meta name=\"author\" content=\"Bitcoingazete\" \/>\n<meta name=\"twitter:card\" content=\"summary_large_image\" \/>\n<meta name=\"twitter:creator\" content=\"@admin\" \/>\n<meta name=\"twitter:site\" content=\"@admin\" \/>\n<meta name=\"twitter:label1\" content=\"Written by\" \/>\n\t<meta name=\"twitter:data1\" content=\"Bitcoingazete\" \/>\n\t<meta name=\"twitter:label2\" content=\"Estimated reading time\" \/>\n\t<meta name=\"twitter:data2\" content=\"2 minutes\" \/>\n<script type=\"application\/ld+json\" class=\"yoast-schema-graph\">{\"@context\":\"https:\\\/\\\/schema.org\",\"@graph\":[{\"@type\":\"Article\",\"@id\":\"https:\\\/\\\/bitcoingazete.com\\\/ecb-baskan-yardimcisi-kriptoyu-yasaklamayacagini-soyledi-ancak-kara-para-aklama-ve-terorizme-karsi-uyardi\\\/#article\",\"isPartOf\":{\"@id\":\"https:\\\/\\\/bitcoingazete.com\\\/ecb-baskan-yardimcisi-kriptoyu-yasaklamayacagini-soyledi-ancak-kara-para-aklama-ve-terorizme-karsi-uyardi\\\/\"},\"author\":{\"name\":\"Bitcoingazete\",\"@id\":\"https:\\\/\\\/bitcoingazete.com\\\/#\\\/schema\\\/person\\\/c0a424e64fb9018954d8deb9db9353a3\"},\"headline\":\"ECB Ba\u015fkan Yard\u0131mc\u0131s\u0131 Kriptoyu Yasaklamayaca\u011f\u0131n\u0131 S\u00f6yledi, Ancak Kara Para Aklama ve Ter\u00f6rizme Kar\u015f\u0131 Uyard\u0131\",\"datePublished\":\"2021-09-01T06:50:51+00:00\",\"dateModified\":\"2021-09-01T06:51:02+00:00\",\"mainEntityOfPage\":{\"@id\":\"https:\\\/\\\/bitcoingazete.com\\\/ecb-baskan-yardimcisi-kriptoyu-yasaklamayacagini-soyledi-ancak-kara-para-aklama-ve-terorizme-karsi-uyardi\\\/\"},\"wordCount\":437,\"commentCount\":0,\"publisher\":{\"@id\":\"https:\\\/\\\/bitcoingazete.com\\\/#\\\/schema\\\/person\\\/c0a424e64fb9018954d8deb9db9353a3\"},\"image\":{\"@id\":\"https:\\\/\\\/bitcoingazete.com\\\/ecb-baskan-yardimcisi-kriptoyu-yasaklamayacagini-soyledi-ancak-kara-para-aklama-ve-terorizme-karsi-uyardi\\\/#primaryimage\"},\"thumbnailUrl\":\"https:\\\/\\\/i0.wp.com\\\/bitcoingazete.com\\\/wp-content\\\/uploads\\\/2021\\\/08\\\/ECB-Baskan-Yardimcisi-Kriptoyu-Yasaklamayacagini-Soyledi-Ancak-Kara-Para-Aklama-ve-Terorizme-Karsi-Uyardi.jpg?fit=1200%2C675&ssl=1\",\"keywords\":[\"ecb\"],\"articleSection\":[\"Haberler\"],\"inLanguage\":\"en-GB\",\"potentialAction\":[{\"@type\":\"CommentAction\",\"name\":\"Comment\",\"target\":[\"https:\\\/\\\/bitcoingazete.com\\\/ecb-baskan-yardimcisi-kriptoyu-yasaklamayacagini-soyledi-ancak-kara-para-aklama-ve-terorizme-karsi-uyardi\\\/#respond\"]}]},{\"@type\":\"WebPage\",\"@id\":\"https:\\\/\\\/bitcoingazete.com\\\/ecb-baskan-yardimcisi-kriptoyu-yasaklamayacagini-soyledi-ancak-kara-para-aklama-ve-terorizme-karsi-uyardi\\\/\",\"url\":\"https:\\\/\\\/bitcoingazete.com\\\/ecb-baskan-yardimcisi-kriptoyu-yasaklamayacagini-soyledi-ancak-kara-para-aklama-ve-terorizme-karsi-uyardi\\\/\",\"name\":\"ECB Ba\u015fkan Yard\u0131mc\u0131s\u0131 Kriptoyu Yasaklamayaca\u011f\u0131n\u0131 S\u00f6yledi, Ancak Kara Para Aklama ve Ter\u00f6rizme Kar\u015f\u0131 Uyard\u0131 - bitcoingazete\",\"isPartOf\":{\"@id\":\"https:\\\/\\\/bitcoingazete.com\\\/#website\"},\"primaryImageOfPage\":{\"@id\":\"https:\\\/\\\/bitcoingazete.com\\\/ecb-baskan-yardimcisi-kriptoyu-yasaklamayacagini-soyledi-ancak-kara-para-aklama-ve-terorizme-karsi-uyardi\\\/#primaryimage\"},\"image\":{\"@id\":\"https:\\\/\\\/bitcoingazete.com\\\/ecb-baskan-yardimcisi-kriptoyu-yasaklamayacagini-soyledi-ancak-kara-para-aklama-ve-terorizme-karsi-uyardi\\\/#primaryimage\"},\"thumbnailUrl\":\"https:\\\/\\\/i0.wp.com\\\/bitcoingazete.com\\\/wp-content\\\/uploads\\\/2021\\\/08\\\/ECB-Baskan-Yardimcisi-Kriptoyu-Yasaklamayacagini-Soyledi-Ancak-Kara-Para-Aklama-ve-Terorizme-Karsi-Uyardi.jpg?fit=1200%2C675&ssl=1\",\"datePublished\":\"2021-09-01T06:50:51+00:00\",\"dateModified\":\"2021-09-01T06:51:02+00:00\",\"description\":\"Avrupa Merkez Bankas\u0131 (ECB) ba\u015fkan yard\u0131mc\u0131s\u0131 Luis de Guindos, kripto para birimlerini yasaklamak istemedi\u011fini, ancak yeni ortaya \u00e7\u0131kan\",\"breadcrumb\":{\"@id\":\"https:\\\/\\\/bitcoingazete.com\\\/ecb-baskan-yardimcisi-kriptoyu-yasaklamayacagini-soyledi-ancak-kara-para-aklama-ve-terorizme-karsi-uyardi\\\/#breadcrumb\"},\"inLanguage\":\"en-GB\",\"potentialAction\":[{\"@type\":\"ReadAction\",\"target\":[\"https:\\\/\\\/bitcoingazete.com\\\/ecb-baskan-yardimcisi-kriptoyu-yasaklamayacagini-soyledi-ancak-kara-para-aklama-ve-terorizme-karsi-uyardi\\\/\"]}]},{\"@type\":\"ImageObject\",\"inLanguage\":\"en-GB\",\"@id\":\"https:\\\/\\\/bitcoingazete.com\\\/ecb-baskan-yardimcisi-kriptoyu-yasaklamayacagini-soyledi-ancak-kara-para-aklama-ve-terorizme-karsi-uyardi\\\/#primaryimage\",\"url\":\"https:\\\/\\\/i0.wp.com\\\/bitcoingazete.com\\\/wp-content\\\/uploads\\\/2021\\\/08\\\/ECB-Baskan-Yardimcisi-Kriptoyu-Yasaklamayacagini-Soyledi-Ancak-Kara-Para-Aklama-ve-Terorizme-Karsi-Uyardi.jpg?fit=1200%2C675&ssl=1\",\"contentUrl\":\"https:\\\/\\\/i0.wp.com\\\/bitcoingazete.com\\\/wp-content\\\/uploads\\\/2021\\\/08\\\/ECB-Baskan-Yardimcisi-Kriptoyu-Yasaklamayacagini-Soyledi-Ancak-Kara-Para-Aklama-ve-Terorizme-Karsi-Uyardi.jpg?fit=1200%2C675&ssl=1\",\"width\":1200,\"height\":675},{\"@type\":\"BreadcrumbList\",\"@id\":\"https:\\\/\\\/bitcoingazete.com\\\/ecb-baskan-yardimcisi-kriptoyu-yasaklamayacagini-soyledi-ancak-kara-para-aklama-ve-terorizme-karsi-uyardi\\\/#breadcrumb\",\"itemListElement\":[{\"@type\":\"ListItem\",\"position\":1,\"name\":\"Home\",\"item\":\"https:\\\/\\\/bitcoingazete.com\\\/\"},{\"@type\":\"ListItem\",\"position\":2,\"name\":\"ECB Ba\u015fkan Yard\u0131mc\u0131s\u0131 Kriptoyu Yasaklamayaca\u011f\u0131n\u0131 S\u00f6yledi, Ancak Kara Para Aklama ve Ter\u00f6rizme Kar\u015f\u0131 Uyard\u0131\"}]},{\"@type\":\"WebSite\",\"@id\":\"https:\\\/\\\/bitcoingazete.com\\\/#website\",\"url\":\"https:\\\/\\\/bitcoingazete.com\\\/\",\"name\":\"bitcoingazete\",\"description\":\"bitcoingazete\",\"publisher\":{\"@id\":\"https:\\\/\\\/bitcoingazete.com\\\/#\\\/schema\\\/person\\\/c0a424e64fb9018954d8deb9db9353a3\"},\"potentialAction\":[{\"@type\":\"SearchAction\",\"target\":{\"@type\":\"EntryPoint\",\"urlTemplate\":\"https:\\\/\\\/bitcoingazete.com\\\/?s={search_term_string}\"},\"query-input\":{\"@type\":\"PropertyValueSpecification\",\"valueRequired\":true,\"valueName\":\"search_term_string\"}}],\"inLanguage\":\"en-GB\"},{\"@type\":[\"Person\",\"Organization\"],\"@id\":\"https:\\\/\\\/bitcoingazete.com\\\/#\\\/schema\\\/person\\\/c0a424e64fb9018954d8deb9db9353a3\",\"name\":\"Bitcoingazete\",\"image\":{\"@type\":\"ImageObject\",\"inLanguage\":\"en-GB\",\"@id\":\"https:\\\/\\\/secure.gravatar.com\\\/avatar\\\/45aa7db6007ede6bc0bc4c5af22a8653a35099f44bd51060a992214d2cfeff92?s=96&d=mm&r=g\",\"url\":\"https:\\\/\\\/secure.gravatar.com\\\/avatar\\\/45aa7db6007ede6bc0bc4c5af22a8653a35099f44bd51060a992214d2cfeff92?s=96&d=mm&r=g\",\"contentUrl\":\"https:\\\/\\\/secure.gravatar.com\\\/avatar\\\/45aa7db6007ede6bc0bc4c5af22a8653a35099f44bd51060a992214d2cfeff92?s=96&d=mm&r=g\",\"caption\":\"Bitcoingazete\"},\"logo\":{\"@id\":\"https:\\\/\\\/secure.gravatar.com\\\/avatar\\\/45aa7db6007ede6bc0bc4c5af22a8653a35099f44bd51060a992214d2cfeff92?s=96&d=mm&r=g\"},\"description\":\"BITCOIN &amp; BLOCKCHAIN Sekt\u00f6r\u00fcnde 2015 y\u0131l\u0131 itibari ile uzman kadrosu ile hizmet vermekteyiz. Amac\u0131m\u0131z do\u011fru ve g\u00fcncel BITCOIN Haberlerini g\u00fcnl\u00fck iletmektir.\",\"sameAs\":[\"https:\\\/\\\/x.com\\\/admin\"]}]}<\/script>\n<!-- \/ Yoast SEO plugin. -->","yoast_head_json":{"title":"ECB Ba\u015fkan Yard\u0131mc\u0131s\u0131 Kriptoyu Yasaklamayaca\u011f\u0131n\u0131 S\u00f6yledi, Ancak Kara Para Aklama ve Ter\u00f6rizme Kar\u015f\u0131 Uyard\u0131 - bitcoingazete","description":"Avrupa Merkez Bankas\u0131 (ECB) ba\u015fkan yard\u0131mc\u0131s\u0131 Luis de Guindos, kripto para birimlerini yasaklamak istemedi\u011fini, ancak yeni ortaya \u00e7\u0131kan","robots":{"index":"index","follow":"follow","max-snippet":"max-snippet:-1","max-image-preview":"max-image-preview:large","max-video-preview":"max-video-preview:-1"},"canonical":"https:\/\/bitcoingazete.com\/en\/ecb-baskan-yardimcisi-kriptoyu-yasaklamayacagini-soyledi-ancak-kara-para-aklama-ve-terorizme-karsi-uyardi\/","og_locale":"en_GB","og_type":"article","og_title":"ECB Ba\u015fkan Yard\u0131mc\u0131s\u0131 Kriptoyu Yasaklamayaca\u011f\u0131n\u0131 S\u00f6yledi, Ancak Kara Para Aklama ve Ter\u00f6rizme Kar\u015f\u0131 Uyard\u0131 - bitcoingazete","og_description":"Avrupa Merkez Bankas\u0131 (ECB) ba\u015fkan yard\u0131mc\u0131s\u0131 Luis de Guindos, kripto para birimlerini yasaklamak istemedi\u011fini, ancak yeni ortaya \u00e7\u0131kan","og_url":"https:\/\/bitcoingazete.com\/en\/ecb-baskan-yardimcisi-kriptoyu-yasaklamayacagini-soyledi-ancak-kara-para-aklama-ve-terorizme-karsi-uyardi\/","og_site_name":"bitcoingazete","article_published_time":"2021-09-01T06:50:51+00:00","article_modified_time":"2021-09-01T06:51:02+00:00","og_image":[{"width":1200,"height":675,"url":"https:\/\/i2.wp.com\/bitcoingazete.com\/wp-content\/uploads\/2021\/08\/ECB-Baskan-Yardimcisi-Kriptoyu-Yasaklamayacagini-Soyledi-Ancak-Kara-Para-Aklama-ve-Terorizme-Karsi-Uyardi.jpg?fit=1200%2C675&ssl=1","type":"image\/jpeg"}],"author":"Bitcoingazete","twitter_card":"summary_large_image","twitter_creator":"@admin","twitter_site":"@admin","twitter_misc":{"Written by":"Bitcoingazete","Estimated reading time":"2 minutes"},"schema":{"@context":"https:\/\/schema.org","@graph":[{"@type":"Article","@id":"https:\/\/bitcoingazete.com\/ecb-baskan-yardimcisi-kriptoyu-yasaklamayacagini-soyledi-ancak-kara-para-aklama-ve-terorizme-karsi-uyardi\/#article","isPartOf":{"@id":"https:\/\/bitcoingazete.com\/ecb-baskan-yardimcisi-kriptoyu-yasaklamayacagini-soyledi-ancak-kara-para-aklama-ve-terorizme-karsi-uyardi\/"},"author":{"name":"Bitcoingazete","@id":"https:\/\/bitcoingazete.com\/#\/schema\/person\/c0a424e64fb9018954d8deb9db9353a3"},"headline":"ECB Ba\u015fkan Yard\u0131mc\u0131s\u0131 Kriptoyu Yasaklamayaca\u011f\u0131n\u0131 S\u00f6yledi, Ancak Kara Para Aklama ve Ter\u00f6rizme Kar\u015f\u0131 Uyard\u0131","datePublished":"2021-09-01T06:50:51+00:00","dateModified":"2021-09-01T06:51:02+00:00","mainEntityOfPage":{"@id":"https:\/\/bitcoingazete.com\/ecb-baskan-yardimcisi-kriptoyu-yasaklamayacagini-soyledi-ancak-kara-para-aklama-ve-terorizme-karsi-uyardi\/"},"wordCount":437,"commentCount":0,"publisher":{"@id":"https:\/\/bitcoingazete.com\/#\/schema\/person\/c0a424e64fb9018954d8deb9db9353a3"},"image":{"@id":"https:\/\/bitcoingazete.com\/ecb-baskan-yardimcisi-kriptoyu-yasaklamayacagini-soyledi-ancak-kara-para-aklama-ve-terorizme-karsi-uyardi\/#primaryimage"},"thumbnailUrl":"https:\/\/i0.wp.com\/bitcoingazete.com\/wp-content\/uploads\/2021\/08\/ECB-Baskan-Yardimcisi-Kriptoyu-Yasaklamayacagini-Soyledi-Ancak-Kara-Para-Aklama-ve-Terorizme-Karsi-Uyardi.jpg?fit=1200%2C675&ssl=1","keywords":["ecb"],"articleSection":["Haberler"],"inLanguage":"en-GB","potentialAction":[{"@type":"CommentAction","name":"Comment","target":["https:\/\/bitcoingazete.com\/ecb-baskan-yardimcisi-kriptoyu-yasaklamayacagini-soyledi-ancak-kara-para-aklama-ve-terorizme-karsi-uyardi\/#respond"]}]},{"@type":"WebPage","@id":"https:\/\/bitcoingazete.com\/ecb-baskan-yardimcisi-kriptoyu-yasaklamayacagini-soyledi-ancak-kara-para-aklama-ve-terorizme-karsi-uyardi\/","url":"https:\/\/bitcoingazete.com\/ecb-baskan-yardimcisi-kriptoyu-yasaklamayacagini-soyledi-ancak-kara-para-aklama-ve-terorizme-karsi-uyardi\/","name":"ECB Ba\u015fkan Yard\u0131mc\u0131s\u0131 Kriptoyu Yasaklamayaca\u011f\u0131n\u0131 S\u00f6yledi, Ancak Kara Para Aklama ve Ter\u00f6rizme Kar\u015f\u0131 Uyard\u0131 - bitcoingazete","isPartOf":{"@id":"https:\/\/bitcoingazete.com\/#website"},"primaryImageOfPage":{"@id":"https:\/\/bitcoingazete.com\/ecb-baskan-yardimcisi-kriptoyu-yasaklamayacagini-soyledi-ancak-kara-para-aklama-ve-terorizme-karsi-uyardi\/#primaryimage"},"image":{"@id":"https:\/\/bitcoingazete.com\/ecb-baskan-yardimcisi-kriptoyu-yasaklamayacagini-soyledi-ancak-kara-para-aklama-ve-terorizme-karsi-uyardi\/#primaryimage"},"thumbnailUrl":"https:\/\/i0.wp.com\/bitcoingazete.com\/wp-content\/uploads\/2021\/08\/ECB-Baskan-Yardimcisi-Kriptoyu-Yasaklamayacagini-Soyledi-Ancak-Kara-Para-Aklama-ve-Terorizme-Karsi-Uyardi.jpg?fit=1200%2C675&ssl=1","datePublished":"2021-09-01T06:50:51+00:00","dateModified":"2021-09-01T06:51:02+00:00","description":"Avrupa Merkez Bankas\u0131 (ECB) ba\u015fkan yard\u0131mc\u0131s\u0131 Luis de Guindos, kripto para birimlerini yasaklamak istemedi\u011fini, ancak yeni ortaya \u00e7\u0131kan","breadcrumb":{"@id":"https:\/\/bitcoingazete.com\/ecb-baskan-yardimcisi-kriptoyu-yasaklamayacagini-soyledi-ancak-kara-para-aklama-ve-terorizme-karsi-uyardi\/#breadcrumb"},"inLanguage":"en-GB","potentialAction":[{"@type":"ReadAction","target":["https:\/\/bitcoingazete.com\/ecb-baskan-yardimcisi-kriptoyu-yasaklamayacagini-soyledi-ancak-kara-para-aklama-ve-terorizme-karsi-uyardi\/"]}]},{"@type":"ImageObject","inLanguage":"en-GB","@id":"https:\/\/bitcoingazete.com\/ecb-baskan-yardimcisi-kriptoyu-yasaklamayacagini-soyledi-ancak-kara-para-aklama-ve-terorizme-karsi-uyardi\/#primaryimage","url":"https:\/\/i0.wp.com\/bitcoingazete.com\/wp-content\/uploads\/2021\/08\/ECB-Baskan-Yardimcisi-Kriptoyu-Yasaklamayacagini-Soyledi-Ancak-Kara-Para-Aklama-ve-Terorizme-Karsi-Uyardi.jpg?fit=1200%2C675&ssl=1","contentUrl":"https:\/\/i0.wp.com\/bitcoingazete.com\/wp-content\/uploads\/2021\/08\/ECB-Baskan-Yardimcisi-Kriptoyu-Yasaklamayacagini-Soyledi-Ancak-Kara-Para-Aklama-ve-Terorizme-Karsi-Uyardi.jpg?fit=1200%2C675&ssl=1","width":1200,"height":675},{"@type":"BreadcrumbList","@id":"https:\/\/bitcoingazete.com\/ecb-baskan-yardimcisi-kriptoyu-yasaklamayacagini-soyledi-ancak-kara-para-aklama-ve-terorizme-karsi-uyardi\/#breadcrumb","itemListElement":[{"@type":"ListItem","position":1,"name":"Home","item":"https:\/\/bitcoingazete.com\/"},{"@type":"ListItem","position":2,"name":"ECB Ba\u015fkan Yard\u0131mc\u0131s\u0131 Kriptoyu Yasaklamayaca\u011f\u0131n\u0131 S\u00f6yledi, Ancak Kara Para Aklama ve Ter\u00f6rizme Kar\u015f\u0131 Uyard\u0131"}]},{"@type":"WebSite","@id":"https:\/\/bitcoingazete.com\/#website","url":"https:\/\/bitcoingazete.com\/","name":"bitcoingazete","description":"bitcoingazete","publisher":{"@id":"https:\/\/bitcoingazete.com\/#\/schema\/person\/c0a424e64fb9018954d8deb9db9353a3"},"potentialAction":[{"@type":"SearchAction","target":{"@type":"EntryPoint","urlTemplate":"https:\/\/bitcoingazete.com\/?s={search_term_string}"},"query-input":{"@type":"PropertyValueSpecification","valueRequired":true,"valueName":"search_term_string"}}],"inLanguage":"en-GB"},{"@type":["Person","Organization"],"@id":"https:\/\/bitcoingazete.com\/#\/schema\/person\/c0a424e64fb9018954d8deb9db9353a3","name":"Bitcoingazete","image":{"@type":"ImageObject","inLanguage":"en-GB","@id":"https:\/\/secure.gravatar.com\/avatar\/45aa7db6007ede6bc0bc4c5af22a8653a35099f44bd51060a992214d2cfeff92?s=96&d=mm&r=g","url":"https:\/\/secure.gravatar.com\/avatar\/45aa7db6007ede6bc0bc4c5af22a8653a35099f44bd51060a992214d2cfeff92?s=96&d=mm&r=g","contentUrl":"https:\/\/secure.gravatar.com\/avatar\/45aa7db6007ede6bc0bc4c5af22a8653a35099f44bd51060a992214d2cfeff92?s=96&d=mm&r=g","caption":"Bitcoingazete"},"logo":{"@id":"https:\/\/secure.gravatar.com\/avatar\/45aa7db6007ede6bc0bc4c5af22a8653a35099f44bd51060a992214d2cfeff92?s=96&d=mm&r=g"},"description":"BITCOIN &amp; BLOCKCHAIN Sekt\u00f6r\u00fcnde 2015 y\u0131l\u0131 itibari ile uzman kadrosu ile hizmet vermekteyiz. Amac\u0131m\u0131z do\u011fru ve g\u00fcncel BITCOIN Haberlerini g\u00fcnl\u00fck iletmektir.","sameAs":["https:\/\/x.com\/admin"]}]}},"jetpack_featured_media_url":"https:\/\/i0.wp.com\/bitcoingazete.com\/wp-content\/uploads\/2021\/08\/ECB-Baskan-Yardimcisi-Kriptoyu-Yasaklamayacagini-Soyledi-Ancak-Kara-Para-Aklama-ve-Terorizme-Karsi-Uyardi.jpg?fit=1200%2C675&ssl=1","jetpack_sharing_enabled":true,"amp_enabled":true,"_links":{"self":[{"href":"https:\/\/bitcoingazete.com\/en\/wp-json\/wp\/v2\/posts\/4791","targetHints":{"allow":["GET"]}}],"collection":[{"href":"https:\/\/bitcoingazete.com\/en\/wp-json\/wp\/v2\/posts"}],"about":[{"href":"https:\/\/bitcoingazete.com\/en\/wp-json\/wp\/v2\/types\/post"}],"author":[{"embeddable":true,"href":"https:\/\/bitcoingazete.com\/en\/wp-json\/wp\/v2\/users\/1"}],"replies":[{"embeddable":true,"href":"https:\/\/bitcoingazete.com\/en\/wp-json\/wp\/v2\/comments?post=4791"}],"version-history":[{"count":2,"href":"https:\/\/bitcoingazete.com\/en\/wp-json\/wp\/v2\/posts\/4791\/revisions"}],"predecessor-version":[{"id":4801,"href":"https:\/\/bitcoingazete.com\/en\/wp-json\/wp\/v2\/posts\/4791\/revisions\/4801"}],"wp:featuredmedia":[{"embeddable":true,"href":"https:\/\/bitcoingazete.com\/en\/wp-json\/wp\/v2\/media\/4792"}],"wp:attachment":[{"href":"https:\/\/bitcoingazete.com\/en\/wp-json\/wp\/v2\/media?parent=4791"}],"wp:term":[{"taxonomy":"category","embeddable":true,"href":"https:\/\/bitcoingazete.com\/en\/wp-json\/wp\/v2\/categories?post=4791"},{"taxonomy":"post_tag","embeddable":true,"href":"https:\/\/bitcoingazete.com\/en\/wp-json\/wp\/v2\/tags?post=4791"}],"curies":[{"name":"wp","href":"https:\/\/api.w.org\/{rel}","templated":true}]}}