{"id":3995,"date":"2021-08-12T20:55:47","date_gmt":"2021-08-12T17:55:47","guid":{"rendered":"https:\/\/bitcoingazete.com\/?p=3995"},"modified":"2021-08-12T20:56:02","modified_gmt":"2021-08-12T17:56:02","slug":"fikir-degisimi-degerleme-dekani-bitcoini-y-kusagi-altini-olarak-tanimliyor","status":"publish","type":"post","link":"https:\/\/bitcoingazete.com\/en\/fikir-degisimi-degerleme-dekani-bitcoini-y-kusagi-altini-olarak-tanimliyor\/","title":{"rendered":"Fikir de\u011fi\u015fimi? De\u011ferleme Dekan\u0131, Bitcoin&#8217;i Y Ku\u015fa\u011f\u0131 Alt\u0131n\u0131 Olarak Tan\u0131ml\u0131yor"},"content":{"rendered":"<p>Aswath Damodaran&#8217;a g\u00f6re bitcoin, servetlerini varl\u0131kta saklamay\u0131 tercih eden bin y\u0131ll\u0131k yat\u0131r\u0131mc\u0131lar i\u00e7in alt\u0131n gibidir.<\/p>\n\n\n\n<p>Hintli profes\u00f6r Aswath Damodaran, bitcoin&#8217;in gen\u00e7 yat\u0131r\u0131mc\u0131lar i\u00e7in alt\u0131n\u0131n e\u015fde\u011feri oldu\u011funu belirtti.&nbsp;Ona g\u00f6re, Y ku\u015fa\u011f\u0131, ebeveynleri ve b\u00fcy\u00fckanne ve b\u00fcy\u00fckbabalar\u0131 olarak \u00e7ekici olan de\u011ferli metali bulam\u0131yor ve paralar\u0131n\u0131 birincil kripto para birimine ay\u0131rmay\u0131 tercih ediyor.<\/p>\n\n\n\n<h2 class=\"wp-block-heading\">50-100 Y\u0131l \u00d6nce Alt\u0131n Neyse BTC O<\/h2>\n\n\n\n<p>New York \u00dcniversitesi&#8217;ndeki Stern School of Business&#8217;ta finans profes\u00f6r\u00fc Aswath Damodaran, CNBC i\u00e7in&nbsp;yak\u0131n zamanda&nbsp;<a href=\"https:\/\/www.cnbctv18.com\/cryptocurrency\/bitcoin-is-millennial-gold-now-says-aswath-damodaran-10333121.htm\" target=\"_blank\" rel=\"noreferrer noopener\">yap\u0131lan<\/a>&nbsp;bir&nbsp;<a href=\"https:\/\/www.cnbctv18.com\/cryptocurrency\/bitcoin-is-millennial-gold-now-says-aswath-damodaran-10333121.htm\" target=\"_blank\" rel=\"noreferrer noopener\">r\u00f6portajda<\/a>&nbsp;, \u00e7o\u011fu sanal para biriminin, \u00f6zellikle de bitcoin&#8217;in son rallisi hakk\u0131ndaki d\u00fc\u015f\u00fcncelerini payla\u015ft\u0131.<\/p>\n\n\n\n<p>Varl\u0131k s\u0131n\u0131f\u0131n\u0131n USD de\u011ferinin kuzeye gitti\u011fini \u00e7\u00fcnk\u00fc \u00f6nemli say\u0131da yat\u0131r\u0131mc\u0131n\u0131n (%10-15) portf\u00f6ylerini \u00e7e\u015fitlendirmeye ve kripto pazar\u0131n\u0131 bir se\u00e7enek olarak se\u00e7meye istekli oldu\u011funu savundu.<\/p>\n\n\n\n<p>BTC hakk\u0131nda konu\u015fan \u201cDe\u011ferleme Dekan\u0131\u201d olarak da bilinen Damodaran, onu \u201cbin y\u0131ll\u0131k alt\u0131n\u201d olarak nitelendirdi.&nbsp;Ona g\u00f6re, sar\u0131 metal art\u0131k dijital para birimini \u00e7ekici bir \u00e7\u00f6z\u00fcm olarak bulan gen\u00e7lerin \u00e7o\u011fu i\u00e7in modas\u0131 ge\u00e7mi\u015f bir yat\u0131r\u0131m arac\u0131:<\/p>\n\n\n\n<blockquote class=\"wp-block-quote is-layout-flow wp-block-quote-is-layout-flow\"><p>\u201c35 ya\u015f\u0131ndaysan\u0131z ve inanc\u0131n\u0131z\u0131 kaybettiyseniz, art\u0131k alt\u0131n almayacaks\u0131n\u0131z.\u00a0Bu senin anne baban ve b\u00fcy\u00fckannen ve b\u00fcy\u00fckbaban i\u00e7indi.\u00a0Bitcoin alacaks\u0131n.\u201d<\/p><\/blockquote>\n\n\n\n<p class=\"has-vivid-red-color has-text-color\"><em>Son dakika geli\u015fmelerden an\u0131nda haberdar olmak i\u00e7in bizi\u00a0<a href=\"https:\/\/www.facebook.com\/BitcoinGazete\" target=\"_blank\" rel=\"noreferrer noopener\"><strong>Facebook<\/strong><\/a>\u00a0,\u00a0<strong><a href=\"https:\/\/twitter.com\/BitcoinGazete\" target=\"_blank\" rel=\"noreferrer noopener\">Twitter<\/a><\/strong>\u00a0ve\u00a0<a href=\"https:\/\/t.me\/BitcoinGazete\" target=\"_blank\" rel=\"noreferrer noopener\"><strong>Telegram<\/strong><\/a>\u00a0kanal\u0131m\u0131zdan takip edebilirsiniz<\/em><\/p>\n\n\n\n<p>Profes\u00f6r, BTC&#8217;nin yaln\u0131zca bir de\u011fer deposu olarak de\u011fil, ayn\u0131 zamanda gayrimenkul olarak da alt\u0131n\u0131 takas etti\u011fini kaydetti.\u00a050-100 y\u0131l \u00f6nce insanlar\u0131n servetlerini bu varl\u0131klara tahsis etti\u011fini, \u015fimdi ise kripto paran\u0131n ba\u015f\u0131 \u00e7ekti\u011fini hat\u0131rlatt\u0131.<\/p>\n\n\n\n<p>Ard\u0131ndan Damodaran, bitcoin i\u00e7in en iyi senaryoyu \u00e7izdi.&nbsp;Dijital varl\u0131\u011f\u0131n daha istikrarl\u0131 ve daha az de\u011fi\u015fken hale gelmesi durumunda k\u00fcresel kabul g\u00f6rece\u011fini belirtti.<\/p>\n\n\n\n<figure class=\"wp-block-image\" id=\"attachment_126434\"><img data-recalc-dims=\"1\" decoding=\"async\" src=\"https:\/\/i0.wp.com\/cdn.shortpixel.ai\/spai\/w_763%2Bq_lossless%2Bret_img%2Bto_webp\/https%3A\/\/cryptopotato.com\/wp-content\/uploads\/2021\/06\/Aswath.jpg?w=800&#038;ssl=1\" alt=\"Aswath Damodaran\" class=\"wp-image-126434\"\/><figcaption>Aswath Damodaran, Kaynak: elmwealth.com<\/figcaption><\/figure>\n\n\n\n<h2 class=\"wp-block-heading\">Damodaran&#8217;\u0131n U d\u00f6n\u00fc\u015f\u00fc<\/h2>\n\n\n\n<p>Profes\u00f6r, \u015fimdi gen\u00e7 yat\u0131r\u0131mc\u0131lar aras\u0131nda \u00e7ekici bir yat\u0131r\u0131m \u00e7\u00f6z\u00fcm\u00fc olarak bitcoin&#8217;i vurgularken, \u00f6nceki yorumlarda o kadar da de\u011fildi.<\/p>\n\n\n\n<p>Yakla\u015f\u0131k bir ay \u00f6nce\u00a0\u00a0Damodaran, dijital varl\u0131\u011f\u0131n iyi bir para birimi \u00f6rne\u011fi olmad\u0131\u011f\u0131n\u0131, \u00e7\u00fcnk\u00fc \u00e7o\u011fu insan\u0131n bunu bir \u00f6deme y\u00f6ntemi olarak\u00a0<em>se\u00e7medi\u011fini<\/em>\u00a0s\u00f6yledi.\u00a0Daha da ileri gitti ve \u201csefil bir \u015fekilde ba\u015far\u0131s\u0131z oldu\u011funu\u201d belirtti:<\/p>\n\n\n\n<blockquote class=\"wp-block-quote is-layout-flow wp-block-quote-is-layout-flow\"><p>\u201cBana g\u00f6re iyi bir para birimi, kahve sat\u0131n almak, evinizi sat\u0131n almak, bir araba sat\u0131n almak i\u00e7in kullan\u0131lan bir para birimidir ve bu nedenle, bitcoin ba\u015far\u0131s\u0131z oldu ve sadece ba\u015far\u0131s\u0131z olmad\u0131, ayn\u0131 zamanda sefil bir \u015fekilde ba\u015far\u0131s\u0131z oldu.\u201d<\/p><\/blockquote>\n\n\n\n<p>Hintli&#8217;nin bir ay \u00f6nce yat\u0131r\u0131m arac\u0131 olarak alt\u0131n ve BTC aras\u0131ndaki korelasyon hakk\u0131nda yapt\u0131\u011f\u0131 son r\u00f6portajda belirtti\u011finin aksine, sar\u0131 metalin ger\u00e7ek de\u011fer deposu oldu\u011funu \u00e7\u00fcnk\u00fc finansal felaketler s\u0131ras\u0131nda fiyat\u0131n\u0131 elinde tutarken sanal varl\u0131\u011f\u0131n olduk\u00e7a riskli oldu\u011funu savundu. <\/p>\n\n\n\n<p><em>\u00d6ne \u00c7\u0131kan Resim The Economic Times&#8217;\u0131n izniyle<\/em><\/p>\n\n\n\n<blockquote class=\"wp-block-quote is-layout-flow wp-block-quote-is-layout-flow\"><p><strong><a href=\"https:\/\/bitcoingazete.com\/en\/category\/analizler\/\">T\u00fcm Analiz ve Yorumlar\u0131 G\u00f6rmek \u0130\u00e7in T\u0131klay\u0131n\u0131z<\/a><\/strong><\/p><\/blockquote>\n\n\n\n<p class=\"has-cyan-bluish-gray-color has-text-color has-small-font-size\">Sorumluluk Reddi: Burada ifade edilen g\u00f6r\u00fc\u015f yat\u0131r\u0131m tavsiyesi de\u011fildir \u2013 sadece bilgilendirme ama\u00e7l\u0131d\u0131r. Bitcoingazete.com\u2019un g\u00f6r\u00fc\u015f\u00fcn\u00fc yans\u0131tmamaktad\u0131r. Her yat\u0131r\u0131m ve ticaret risk i\u00e7erir, bu nedenle karar vermeden \u00f6nce daima kendi ara\u015ft\u0131rman\u0131z\u0131 yapmal\u0131s\u0131n\u0131z. Kaybetmeyi g\u00f6ze alamayaca\u011f\u0131n\u0131z parayla yat\u0131r\u0131m yapman\u0131z\u0131 \u00f6nermiyoruz.<\/p>\n\n\n\n<p class=\"has-cyan-bluish-gray-color has-text-color\">Kaynak : <a href=\"https:\/\/cryptopotato.com\/\">cryptopotato.com<\/a><\/p>","protected":false},"excerpt":{"rendered":"<p>Aswath Damodaran&#8217;a g\u00f6re bitcoin, servetlerini varl\u0131kta saklamay\u0131 tercih eden bin y\u0131ll\u0131k yat\u0131r\u0131mc\u0131lar i\u00e7in alt\u0131n gibidir. Hintli profes\u00f6r Aswath Damodaran, bitcoin&#8217;in&#46;&#46;&#46;<\/p>","protected":false},"author":1,"featured_media":3996,"comment_status":"open","ping_status":"open","sticky":false,"template":"","format":"standard","meta":{"nf_dc_page":"","_monsterinsights_skip_tracking":false,"_monsterinsights_sitenote_active":false,"_monsterinsights_sitenote_note":"","_monsterinsights_sitenote_category":0,"_jetpack_memberships_contains_paid_content":false,"footnotes":""},"categories":[3],"tags":[384],"class_list":["post-3995","post","type-post","status-publish","format-standard","has-post-thumbnail","hentry","category-haberler","tag-damodaran"],"yoast_head":"<!-- This site is optimized with the Yoast SEO plugin v27.5 - https:\/\/yoast.com\/product\/yoast-seo-wordpress\/ -->\n<title>Fikir de\u011fi\u015fimi? De\u011ferleme Dekan\u0131, Bitcoin&#039;i Y Ku\u015fa\u011f\u0131 Alt\u0131n\u0131 Olarak Tan\u0131ml\u0131yor - bitcoingazete<\/title>\n<meta name=\"description\" content=\"Bitcoin&#039;i Y Ku\u015fa\u011f\u0131 Alt\u0131n\u0131 %Fikir de\u011fi\u015fimi? De\u011ferleme Dekan\u0131, Bitcoin&#039;i Y Ku\u015fa\u011f\u0131 Alt\u0131n\u0131 Olarak Tan\u0131ml\u0131yor modaran&#039;\u0131n U d\u00f6n\u00fc\u015f\u00fc\" \/>\n<meta name=\"robots\" content=\"index, follow, max-snippet:-1, max-image-preview:large, max-video-preview:-1\" \/>\n<link rel=\"canonical\" href=\"https:\/\/bitcoingazete.com\/en\/fikir-degisimi-degerleme-dekani-bitcoini-y-kusagi-altini-olarak-tanimliyor\/\" \/>\n<meta property=\"og:locale\" content=\"en_GB\" \/>\n<meta property=\"og:type\" content=\"article\" \/>\n<meta property=\"og:title\" content=\"Fikir de\u011fi\u015fimi? De\u011ferleme Dekan\u0131, Bitcoin&#039;i Y Ku\u015fa\u011f\u0131 Alt\u0131n\u0131 Olarak Tan\u0131ml\u0131yor - bitcoingazete\" \/>\n<meta property=\"og:description\" content=\"Bitcoin&#039;i Y Ku\u015fa\u011f\u0131 Alt\u0131n\u0131 %Fikir de\u011fi\u015fimi? De\u011ferleme Dekan\u0131, Bitcoin&#039;i Y Ku\u015fa\u011f\u0131 Alt\u0131n\u0131 Olarak Tan\u0131ml\u0131yor modaran&#039;\u0131n U d\u00f6n\u00fc\u015f\u00fc\" \/>\n<meta property=\"og:url\" content=\"https:\/\/bitcoingazete.com\/en\/fikir-degisimi-degerleme-dekani-bitcoini-y-kusagi-altini-olarak-tanimliyor\/\" \/>\n<meta property=\"og:site_name\" content=\"bitcoingazete\" \/>\n<meta property=\"article:published_time\" content=\"2021-08-12T17:55:47+00:00\" \/>\n<meta property=\"article:modified_time\" content=\"2021-08-12T17:56:02+00:00\" \/>\n<meta property=\"og:image\" content=\"https:\/\/i0.wp.com\/bitcoingazete.com\/wp-content\/uploads\/2021\/08\/Fikir-degisimi-Degerleme-Dekani-Bitcoini-Y-Kusagi-Altini-Olarak-Tanimliyor.jpg?fit=1200%2C675&ssl=1\" \/>\n\t<meta property=\"og:image:width\" content=\"1200\" \/>\n\t<meta property=\"og:image:height\" content=\"675\" \/>\n\t<meta property=\"og:image:type\" content=\"image\/jpeg\" \/>\n<meta name=\"author\" content=\"Bitcoingazete\" \/>\n<meta name=\"twitter:card\" content=\"summary_large_image\" \/>\n<meta name=\"twitter:creator\" content=\"@admin\" \/>\n<meta name=\"twitter:site\" content=\"@admin\" \/>\n<meta name=\"twitter:label1\" content=\"Written by\" \/>\n\t<meta name=\"twitter:data1\" content=\"Bitcoingazete\" \/>\n\t<meta name=\"twitter:label2\" content=\"Estimated reading time\" \/>\n\t<meta name=\"twitter:data2\" content=\"3 minutes\" \/>\n<script type=\"application\/ld+json\" class=\"yoast-schema-graph\">{\"@context\":\"https:\\\/\\\/schema.org\",\"@graph\":[{\"@type\":\"Article\",\"@id\":\"https:\\\/\\\/bitcoingazete.com\\\/fikir-degisimi-degerleme-dekani-bitcoini-y-kusagi-altini-olarak-tanimliyor\\\/#article\",\"isPartOf\":{\"@id\":\"https:\\\/\\\/bitcoingazete.com\\\/fikir-degisimi-degerleme-dekani-bitcoini-y-kusagi-altini-olarak-tanimliyor\\\/\"},\"author\":{\"name\":\"Bitcoingazete\",\"@id\":\"https:\\\/\\\/bitcoingazete.com\\\/#\\\/schema\\\/person\\\/c0a424e64fb9018954d8deb9db9353a3\"},\"headline\":\"Fikir de\u011fi\u015fimi? De\u011ferleme Dekan\u0131, Bitcoin&#8217;i Y Ku\u015fa\u011f\u0131 Alt\u0131n\u0131 Olarak Tan\u0131ml\u0131yor\",\"datePublished\":\"2021-08-12T17:55:47+00:00\",\"dateModified\":\"2021-08-12T17:56:02+00:00\",\"mainEntityOfPage\":{\"@id\":\"https:\\\/\\\/bitcoingazete.com\\\/fikir-degisimi-degerleme-dekani-bitcoini-y-kusagi-altini-olarak-tanimliyor\\\/\"},\"wordCount\":662,\"commentCount\":0,\"publisher\":{\"@id\":\"https:\\\/\\\/bitcoingazete.com\\\/#\\\/schema\\\/person\\\/c0a424e64fb9018954d8deb9db9353a3\"},\"image\":{\"@id\":\"https:\\\/\\\/bitcoingazete.com\\\/fikir-degisimi-degerleme-dekani-bitcoini-y-kusagi-altini-olarak-tanimliyor\\\/#primaryimage\"},\"thumbnailUrl\":\"https:\\\/\\\/i0.wp.com\\\/bitcoingazete.com\\\/wp-content\\\/uploads\\\/2021\\\/08\\\/Fikir-degisimi-Degerleme-Dekani-Bitcoini-Y-Kusagi-Altini-Olarak-Tanimliyor.jpg?fit=1200%2C675&ssl=1\",\"keywords\":[\"damodaran\"],\"articleSection\":[\"Haberler\"],\"inLanguage\":\"en-GB\",\"potentialAction\":[{\"@type\":\"CommentAction\",\"name\":\"Comment\",\"target\":[\"https:\\\/\\\/bitcoingazete.com\\\/fikir-degisimi-degerleme-dekani-bitcoini-y-kusagi-altini-olarak-tanimliyor\\\/#respond\"]}]},{\"@type\":\"WebPage\",\"@id\":\"https:\\\/\\\/bitcoingazete.com\\\/fikir-degisimi-degerleme-dekani-bitcoini-y-kusagi-altini-olarak-tanimliyor\\\/\",\"url\":\"https:\\\/\\\/bitcoingazete.com\\\/fikir-degisimi-degerleme-dekani-bitcoini-y-kusagi-altini-olarak-tanimliyor\\\/\",\"name\":\"Fikir de\u011fi\u015fimi? De\u011ferleme Dekan\u0131, Bitcoin'i Y Ku\u015fa\u011f\u0131 Alt\u0131n\u0131 Olarak Tan\u0131ml\u0131yor - bitcoingazete\",\"isPartOf\":{\"@id\":\"https:\\\/\\\/bitcoingazete.com\\\/#website\"},\"primaryImageOfPage\":{\"@id\":\"https:\\\/\\\/bitcoingazete.com\\\/fikir-degisimi-degerleme-dekani-bitcoini-y-kusagi-altini-olarak-tanimliyor\\\/#primaryimage\"},\"image\":{\"@id\":\"https:\\\/\\\/bitcoingazete.com\\\/fikir-degisimi-degerleme-dekani-bitcoini-y-kusagi-altini-olarak-tanimliyor\\\/#primaryimage\"},\"thumbnailUrl\":\"https:\\\/\\\/i0.wp.com\\\/bitcoingazete.com\\\/wp-content\\\/uploads\\\/2021\\\/08\\\/Fikir-degisimi-Degerleme-Dekani-Bitcoini-Y-Kusagi-Altini-Olarak-Tanimliyor.jpg?fit=1200%2C675&ssl=1\",\"datePublished\":\"2021-08-12T17:55:47+00:00\",\"dateModified\":\"2021-08-12T17:56:02+00:00\",\"description\":\"Bitcoin'i Y Ku\u015fa\u011f\u0131 Alt\u0131n\u0131 %Fikir de\u011fi\u015fimi? De\u011ferleme Dekan\u0131, Bitcoin'i Y Ku\u015fa\u011f\u0131 Alt\u0131n\u0131 Olarak Tan\u0131ml\u0131yor modaran'\u0131n U d\u00f6n\u00fc\u015f\u00fc\",\"breadcrumb\":{\"@id\":\"https:\\\/\\\/bitcoingazete.com\\\/fikir-degisimi-degerleme-dekani-bitcoini-y-kusagi-altini-olarak-tanimliyor\\\/#breadcrumb\"},\"inLanguage\":\"en-GB\",\"potentialAction\":[{\"@type\":\"ReadAction\",\"target\":[\"https:\\\/\\\/bitcoingazete.com\\\/fikir-degisimi-degerleme-dekani-bitcoini-y-kusagi-altini-olarak-tanimliyor\\\/\"]}]},{\"@type\":\"ImageObject\",\"inLanguage\":\"en-GB\",\"@id\":\"https:\\\/\\\/bitcoingazete.com\\\/fikir-degisimi-degerleme-dekani-bitcoini-y-kusagi-altini-olarak-tanimliyor\\\/#primaryimage\",\"url\":\"https:\\\/\\\/i0.wp.com\\\/bitcoingazete.com\\\/wp-content\\\/uploads\\\/2021\\\/08\\\/Fikir-degisimi-Degerleme-Dekani-Bitcoini-Y-Kusagi-Altini-Olarak-Tanimliyor.jpg?fit=1200%2C675&ssl=1\",\"contentUrl\":\"https:\\\/\\\/i0.wp.com\\\/bitcoingazete.com\\\/wp-content\\\/uploads\\\/2021\\\/08\\\/Fikir-degisimi-Degerleme-Dekani-Bitcoini-Y-Kusagi-Altini-Olarak-Tanimliyor.jpg?fit=1200%2C675&ssl=1\",\"width\":1200,\"height\":675,\"caption\":\"bitcoin\"},{\"@type\":\"BreadcrumbList\",\"@id\":\"https:\\\/\\\/bitcoingazete.com\\\/fikir-degisimi-degerleme-dekani-bitcoini-y-kusagi-altini-olarak-tanimliyor\\\/#breadcrumb\",\"itemListElement\":[{\"@type\":\"ListItem\",\"position\":1,\"name\":\"Home\",\"item\":\"https:\\\/\\\/bitcoingazete.com\\\/\"},{\"@type\":\"ListItem\",\"position\":2,\"name\":\"Fikir de\u011fi\u015fimi? De\u011ferleme Dekan\u0131, Bitcoin&#8217;i Y Ku\u015fa\u011f\u0131 Alt\u0131n\u0131 Olarak Tan\u0131ml\u0131yor\"}]},{\"@type\":\"WebSite\",\"@id\":\"https:\\\/\\\/bitcoingazete.com\\\/#website\",\"url\":\"https:\\\/\\\/bitcoingazete.com\\\/\",\"name\":\"bitcoingazete\",\"description\":\"bitcoingazete\",\"publisher\":{\"@id\":\"https:\\\/\\\/bitcoingazete.com\\\/#\\\/schema\\\/person\\\/c0a424e64fb9018954d8deb9db9353a3\"},\"potentialAction\":[{\"@type\":\"SearchAction\",\"target\":{\"@type\":\"EntryPoint\",\"urlTemplate\":\"https:\\\/\\\/bitcoingazete.com\\\/?s={search_term_string}\"},\"query-input\":{\"@type\":\"PropertyValueSpecification\",\"valueRequired\":true,\"valueName\":\"search_term_string\"}}],\"inLanguage\":\"en-GB\"},{\"@type\":[\"Person\",\"Organization\"],\"@id\":\"https:\\\/\\\/bitcoingazete.com\\\/#\\\/schema\\\/person\\\/c0a424e64fb9018954d8deb9db9353a3\",\"name\":\"Bitcoingazete\",\"image\":{\"@type\":\"ImageObject\",\"inLanguage\":\"en-GB\",\"@id\":\"https:\\\/\\\/secure.gravatar.com\\\/avatar\\\/45aa7db6007ede6bc0bc4c5af22a8653a35099f44bd51060a992214d2cfeff92?s=96&d=mm&r=g\",\"url\":\"https:\\\/\\\/secure.gravatar.com\\\/avatar\\\/45aa7db6007ede6bc0bc4c5af22a8653a35099f44bd51060a992214d2cfeff92?s=96&d=mm&r=g\",\"contentUrl\":\"https:\\\/\\\/secure.gravatar.com\\\/avatar\\\/45aa7db6007ede6bc0bc4c5af22a8653a35099f44bd51060a992214d2cfeff92?s=96&d=mm&r=g\",\"caption\":\"Bitcoingazete\"},\"logo\":{\"@id\":\"https:\\\/\\\/secure.gravatar.com\\\/avatar\\\/45aa7db6007ede6bc0bc4c5af22a8653a35099f44bd51060a992214d2cfeff92?s=96&d=mm&r=g\"},\"description\":\"BITCOIN &amp; BLOCKCHAIN Sekt\u00f6r\u00fcnde 2015 y\u0131l\u0131 itibari ile uzman kadrosu ile hizmet vermekteyiz. Amac\u0131m\u0131z do\u011fru ve g\u00fcncel BITCOIN Haberlerini g\u00fcnl\u00fck iletmektir.\",\"sameAs\":[\"https:\\\/\\\/x.com\\\/admin\"]}]}<\/script>\n<!-- \/ Yoast SEO plugin. -->","yoast_head_json":{"title":"Fikir de\u011fi\u015fimi? De\u011ferleme Dekan\u0131, Bitcoin'i Y Ku\u015fa\u011f\u0131 Alt\u0131n\u0131 Olarak Tan\u0131ml\u0131yor - bitcoingazete","description":"Bitcoin'i Y Ku\u015fa\u011f\u0131 Alt\u0131n\u0131 %Fikir de\u011fi\u015fimi? De\u011ferleme Dekan\u0131, Bitcoin'i Y Ku\u015fa\u011f\u0131 Alt\u0131n\u0131 Olarak Tan\u0131ml\u0131yor modaran'\u0131n U d\u00f6n\u00fc\u015f\u00fc","robots":{"index":"index","follow":"follow","max-snippet":"max-snippet:-1","max-image-preview":"max-image-preview:large","max-video-preview":"max-video-preview:-1"},"canonical":"https:\/\/bitcoingazete.com\/en\/fikir-degisimi-degerleme-dekani-bitcoini-y-kusagi-altini-olarak-tanimliyor\/","og_locale":"en_GB","og_type":"article","og_title":"Fikir de\u011fi\u015fimi? De\u011ferleme Dekan\u0131, Bitcoin'i Y Ku\u015fa\u011f\u0131 Alt\u0131n\u0131 Olarak Tan\u0131ml\u0131yor - bitcoingazete","og_description":"Bitcoin'i Y Ku\u015fa\u011f\u0131 Alt\u0131n\u0131 %Fikir de\u011fi\u015fimi? De\u011ferleme Dekan\u0131, Bitcoin'i Y Ku\u015fa\u011f\u0131 Alt\u0131n\u0131 Olarak Tan\u0131ml\u0131yor modaran'\u0131n U d\u00f6n\u00fc\u015f\u00fc","og_url":"https:\/\/bitcoingazete.com\/en\/fikir-degisimi-degerleme-dekani-bitcoini-y-kusagi-altini-olarak-tanimliyor\/","og_site_name":"bitcoingazete","article_published_time":"2021-08-12T17:55:47+00:00","article_modified_time":"2021-08-12T17:56:02+00:00","og_image":[{"width":1200,"height":675,"url":"https:\/\/i0.wp.com\/bitcoingazete.com\/wp-content\/uploads\/2021\/08\/Fikir-degisimi-Degerleme-Dekani-Bitcoini-Y-Kusagi-Altini-Olarak-Tanimliyor.jpg?fit=1200%2C675&ssl=1","type":"image\/jpeg"}],"author":"Bitcoingazete","twitter_card":"summary_large_image","twitter_creator":"@admin","twitter_site":"@admin","twitter_misc":{"Written by":"Bitcoingazete","Estimated reading time":"3 minutes"},"schema":{"@context":"https:\/\/schema.org","@graph":[{"@type":"Article","@id":"https:\/\/bitcoingazete.com\/fikir-degisimi-degerleme-dekani-bitcoini-y-kusagi-altini-olarak-tanimliyor\/#article","isPartOf":{"@id":"https:\/\/bitcoingazete.com\/fikir-degisimi-degerleme-dekani-bitcoini-y-kusagi-altini-olarak-tanimliyor\/"},"author":{"name":"Bitcoingazete","@id":"https:\/\/bitcoingazete.com\/#\/schema\/person\/c0a424e64fb9018954d8deb9db9353a3"},"headline":"Fikir de\u011fi\u015fimi? De\u011ferleme Dekan\u0131, Bitcoin&#8217;i Y Ku\u015fa\u011f\u0131 Alt\u0131n\u0131 Olarak Tan\u0131ml\u0131yor","datePublished":"2021-08-12T17:55:47+00:00","dateModified":"2021-08-12T17:56:02+00:00","mainEntityOfPage":{"@id":"https:\/\/bitcoingazete.com\/fikir-degisimi-degerleme-dekani-bitcoini-y-kusagi-altini-olarak-tanimliyor\/"},"wordCount":662,"commentCount":0,"publisher":{"@id":"https:\/\/bitcoingazete.com\/#\/schema\/person\/c0a424e64fb9018954d8deb9db9353a3"},"image":{"@id":"https:\/\/bitcoingazete.com\/fikir-degisimi-degerleme-dekani-bitcoini-y-kusagi-altini-olarak-tanimliyor\/#primaryimage"},"thumbnailUrl":"https:\/\/i0.wp.com\/bitcoingazete.com\/wp-content\/uploads\/2021\/08\/Fikir-degisimi-Degerleme-Dekani-Bitcoini-Y-Kusagi-Altini-Olarak-Tanimliyor.jpg?fit=1200%2C675&ssl=1","keywords":["damodaran"],"articleSection":["Haberler"],"inLanguage":"en-GB","potentialAction":[{"@type":"CommentAction","name":"Comment","target":["https:\/\/bitcoingazete.com\/fikir-degisimi-degerleme-dekani-bitcoini-y-kusagi-altini-olarak-tanimliyor\/#respond"]}]},{"@type":"WebPage","@id":"https:\/\/bitcoingazete.com\/fikir-degisimi-degerleme-dekani-bitcoini-y-kusagi-altini-olarak-tanimliyor\/","url":"https:\/\/bitcoingazete.com\/fikir-degisimi-degerleme-dekani-bitcoini-y-kusagi-altini-olarak-tanimliyor\/","name":"Fikir de\u011fi\u015fimi? De\u011ferleme Dekan\u0131, Bitcoin'i Y Ku\u015fa\u011f\u0131 Alt\u0131n\u0131 Olarak Tan\u0131ml\u0131yor - bitcoingazete","isPartOf":{"@id":"https:\/\/bitcoingazete.com\/#website"},"primaryImageOfPage":{"@id":"https:\/\/bitcoingazete.com\/fikir-degisimi-degerleme-dekani-bitcoini-y-kusagi-altini-olarak-tanimliyor\/#primaryimage"},"image":{"@id":"https:\/\/bitcoingazete.com\/fikir-degisimi-degerleme-dekani-bitcoini-y-kusagi-altini-olarak-tanimliyor\/#primaryimage"},"thumbnailUrl":"https:\/\/i0.wp.com\/bitcoingazete.com\/wp-content\/uploads\/2021\/08\/Fikir-degisimi-Degerleme-Dekani-Bitcoini-Y-Kusagi-Altini-Olarak-Tanimliyor.jpg?fit=1200%2C675&ssl=1","datePublished":"2021-08-12T17:55:47+00:00","dateModified":"2021-08-12T17:56:02+00:00","description":"Bitcoin'i Y Ku\u015fa\u011f\u0131 Alt\u0131n\u0131 %Fikir de\u011fi\u015fimi? De\u011ferleme Dekan\u0131, Bitcoin'i Y Ku\u015fa\u011f\u0131 Alt\u0131n\u0131 Olarak Tan\u0131ml\u0131yor modaran'\u0131n U d\u00f6n\u00fc\u015f\u00fc","breadcrumb":{"@id":"https:\/\/bitcoingazete.com\/fikir-degisimi-degerleme-dekani-bitcoini-y-kusagi-altini-olarak-tanimliyor\/#breadcrumb"},"inLanguage":"en-GB","potentialAction":[{"@type":"ReadAction","target":["https:\/\/bitcoingazete.com\/fikir-degisimi-degerleme-dekani-bitcoini-y-kusagi-altini-olarak-tanimliyor\/"]}]},{"@type":"ImageObject","inLanguage":"en-GB","@id":"https:\/\/bitcoingazete.com\/fikir-degisimi-degerleme-dekani-bitcoini-y-kusagi-altini-olarak-tanimliyor\/#primaryimage","url":"https:\/\/i0.wp.com\/bitcoingazete.com\/wp-content\/uploads\/2021\/08\/Fikir-degisimi-Degerleme-Dekani-Bitcoini-Y-Kusagi-Altini-Olarak-Tanimliyor.jpg?fit=1200%2C675&ssl=1","contentUrl":"https:\/\/i0.wp.com\/bitcoingazete.com\/wp-content\/uploads\/2021\/08\/Fikir-degisimi-Degerleme-Dekani-Bitcoini-Y-Kusagi-Altini-Olarak-Tanimliyor.jpg?fit=1200%2C675&ssl=1","width":1200,"height":675,"caption":"bitcoin"},{"@type":"BreadcrumbList","@id":"https:\/\/bitcoingazete.com\/fikir-degisimi-degerleme-dekani-bitcoini-y-kusagi-altini-olarak-tanimliyor\/#breadcrumb","itemListElement":[{"@type":"ListItem","position":1,"name":"Home","item":"https:\/\/bitcoingazete.com\/"},{"@type":"ListItem","position":2,"name":"Fikir de\u011fi\u015fimi? De\u011ferleme Dekan\u0131, Bitcoin&#8217;i Y Ku\u015fa\u011f\u0131 Alt\u0131n\u0131 Olarak Tan\u0131ml\u0131yor"}]},{"@type":"WebSite","@id":"https:\/\/bitcoingazete.com\/#website","url":"https:\/\/bitcoingazete.com\/","name":"bitcoingazete","description":"bitcoingazete","publisher":{"@id":"https:\/\/bitcoingazete.com\/#\/schema\/person\/c0a424e64fb9018954d8deb9db9353a3"},"potentialAction":[{"@type":"SearchAction","target":{"@type":"EntryPoint","urlTemplate":"https:\/\/bitcoingazete.com\/?s={search_term_string}"},"query-input":{"@type":"PropertyValueSpecification","valueRequired":true,"valueName":"search_term_string"}}],"inLanguage":"en-GB"},{"@type":["Person","Organization"],"@id":"https:\/\/bitcoingazete.com\/#\/schema\/person\/c0a424e64fb9018954d8deb9db9353a3","name":"Bitcoingazete","image":{"@type":"ImageObject","inLanguage":"en-GB","@id":"https:\/\/secure.gravatar.com\/avatar\/45aa7db6007ede6bc0bc4c5af22a8653a35099f44bd51060a992214d2cfeff92?s=96&d=mm&r=g","url":"https:\/\/secure.gravatar.com\/avatar\/45aa7db6007ede6bc0bc4c5af22a8653a35099f44bd51060a992214d2cfeff92?s=96&d=mm&r=g","contentUrl":"https:\/\/secure.gravatar.com\/avatar\/45aa7db6007ede6bc0bc4c5af22a8653a35099f44bd51060a992214d2cfeff92?s=96&d=mm&r=g","caption":"Bitcoingazete"},"logo":{"@id":"https:\/\/secure.gravatar.com\/avatar\/45aa7db6007ede6bc0bc4c5af22a8653a35099f44bd51060a992214d2cfeff92?s=96&d=mm&r=g"},"description":"BITCOIN &amp; BLOCKCHAIN Sekt\u00f6r\u00fcnde 2015 y\u0131l\u0131 itibari ile uzman kadrosu ile hizmet vermekteyiz. Amac\u0131m\u0131z do\u011fru ve g\u00fcncel BITCOIN Haberlerini g\u00fcnl\u00fck iletmektir.","sameAs":["https:\/\/x.com\/admin"]}]}},"jetpack_featured_media_url":"https:\/\/i0.wp.com\/bitcoingazete.com\/wp-content\/uploads\/2021\/08\/Fikir-degisimi-Degerleme-Dekani-Bitcoini-Y-Kusagi-Altini-Olarak-Tanimliyor.jpg?fit=1200%2C675&ssl=1","jetpack_sharing_enabled":true,"amp_enabled":true,"_links":{"self":[{"href":"https:\/\/bitcoingazete.com\/en\/wp-json\/wp\/v2\/posts\/3995","targetHints":{"allow":["GET"]}}],"collection":[{"href":"https:\/\/bitcoingazete.com\/en\/wp-json\/wp\/v2\/posts"}],"about":[{"href":"https:\/\/bitcoingazete.com\/en\/wp-json\/wp\/v2\/types\/post"}],"author":[{"embeddable":true,"href":"https:\/\/bitcoingazete.com\/en\/wp-json\/wp\/v2\/users\/1"}],"replies":[{"embeddable":true,"href":"https:\/\/bitcoingazete.com\/en\/wp-json\/wp\/v2\/comments?post=3995"}],"version-history":[{"count":1,"href":"https:\/\/bitcoingazete.com\/en\/wp-json\/wp\/v2\/posts\/3995\/revisions"}],"predecessor-version":[{"id":3997,"href":"https:\/\/bitcoingazete.com\/en\/wp-json\/wp\/v2\/posts\/3995\/revisions\/3997"}],"wp:featuredmedia":[{"embeddable":true,"href":"https:\/\/bitcoingazete.com\/en\/wp-json\/wp\/v2\/media\/3996"}],"wp:attachment":[{"href":"https:\/\/bitcoingazete.com\/en\/wp-json\/wp\/v2\/media?parent=3995"}],"wp:term":[{"taxonomy":"category","embeddable":true,"href":"https:\/\/bitcoingazete.com\/en\/wp-json\/wp\/v2\/categories?post=3995"},{"taxonomy":"post_tag","embeddable":true,"href":"https:\/\/bitcoingazete.com\/en\/wp-json\/wp\/v2\/tags?post=3995"}],"curies":[{"name":"wp","href":"https:\/\/api.w.org\/{rel}","templated":true}]}}