{"id":2989,"date":"2021-07-19T09:54:35","date_gmt":"2021-07-19T06:54:35","guid":{"rendered":"https:\/\/bitcoingazete.com\/?p=2989"},"modified":"2021-07-19T09:54:42","modified_gmt":"2021-07-19T06:54:42","slug":"thether-mayis-ayindan-beri-ethereumda-usdt-yayinlamadi-cto-endiseli-degil","status":"publish","type":"post","link":"https:\/\/bitcoingazete.com\/en\/thether-mayis-ayindan-beri-ethereumda-usdt-yayinlamadi-cto-endiseli-degil\/","title":{"rendered":"Thether , May\u0131s ay\u0131ndan beri Ethereum&#8217;da USDT Yay\u0131nlamad\u0131: CTO Endi\u015feli De\u011fil"},"content":{"rendered":"<p>\u00d6nde gelen stablecoin, yakla\u015f\u0131k iki ayd\u0131r Ethereum&#8217;da bas\u0131lmad\u0131, ancak Tether CTO&#8217;su endi\u015feli de\u011fil.<\/p>\n\n\n\n<p class=\"has-cyan-bluish-gray-color has-text-color has-small-font-size\">Sorumluluk Reddi: Burada ifade edilen g\u00f6r\u00fc\u015f yat\u0131r\u0131m tavsiyesi de\u011fildir \u2013 sadece bilgilendirme ama\u00e7l\u0131d\u0131r. Bitcoingazete.com\u2019un g\u00f6r\u00fc\u015f\u00fcn\u00fc yans\u0131tmamaktad\u0131r. Her yat\u0131r\u0131m ve ticaret risk i\u00e7erir, bu nedenle karar vermeden \u00f6nce daima kendi ara\u015ft\u0131rman\u0131z\u0131 yapmal\u0131s\u0131n\u0131z. Kaybetmeyi g\u00f6ze alamayaca\u011f\u0131n\u0131z parayla yat\u0131r\u0131m yapman\u0131z\u0131 \u00f6nermiyoruz.<\/p>\n\n\n\n<p>Stablecoin devi ve kripto para basma makinesi Tether, di\u011fer stabil varl\u0131klar piyasada zemin kazand\u0131\u011f\u0131 i\u00e7in son 50 g\u00fcn i\u00e7inde Ethereum a\u011f\u0131nda tek bir USDT yay\u0131nlamad\u0131.&nbsp;<\/p>\n\n\n\n<h2 class=\"wp-block-heading\">Ethereum&#8217;da USDT \u0130hrac\u0131 Kuruyor<\/h2>\n\n\n\n<p>Son verilere g\u00f6re, USDT&#8217;nin Ethereum&#8217;da en son bas\u0131m\u0131 31 May\u0131s&#8217;ta ger\u00e7ekle\u015fti ve bu, varl\u0131\u011f\u0131n a\u011fda yay\u0131nlanmad\u0131\u011f\u0131 tarihteki en uzun zaman oldu.&nbsp;Bas\u0131lan ERC20 USDT&#8217;nin toplam de\u011feri \u015fu anda 28,9 milyar dolar.<\/p>\n\n\n\n<figure class=\"wp-block-image\" id=\"attachment_129576\"><a href=\"https:\/\/i0.wp.com\/cryptopotato.com\/wp-content\/uploads\/2021\/07\/111.jpg?ssl=1\"><img data-recalc-dims=\"1\" decoding=\"async\" src=\"https:\/\/i0.wp.com\/cdn.shortpixel.ai\/spai\/w_763%2Bq_lossless%2Bret_img%2Bto_webp\/https%3A\/\/cryptopotato.com\/wp-content\/uploads\/2021\/07\/111.jpg?w=800&#038;ssl=1\" alt=\"Tether (USDT) Bas\u0131ld\u0131.  Kaynak: DeBank\" class=\"wp-image-129576\"\/><\/a><figcaption>Tether (USDT) Bas\u0131ld\u0131.&nbsp;Kaynak: DeBank<\/figcaption><\/figure>\n\n\n\n<p>Ethereum&#8217;da yeni USDT&#8217;nin bas\u0131lmas\u0131ndaki ani durdurman\u0131n \u00f6nemli bir nedeni, kullan\u0131c\u0131lar\u0131n ak\u0131ll\u0131 s\u00f6zle\u015fme a\u011f\u0131yla etkile\u015fime girerken \u00f6dedikleri y\u00fcksek \u00fccretler nedeniyle d\u00fc\u015f\u00fck talep olabilir.&nbsp;\u00d6nde gelen stablecoin, Omni ve Binance Smart Chain (BSC) dahil olmak \u00fczere bir\u00e7ok blok zincirinde yay\u0131nlansa da, Tron \u00f6nemli \u00f6l\u00e7\u00fcde daha d\u00fc\u015f\u00fck \u00fccretlere sahip.&nbsp;<\/p>\n\n\n\n<p>Nisan ay\u0131nda\u00a0Tron\u00a0,\u00a0USDT\u00a0i\u00e7in bask\u0131n zincir olarak\u00a0Ethereum&#8217;u tahttan\u00a0indirdi.\u00a0Yazma s\u0131ras\u0131nda, Justin Sun&#8217;\u0131n blok zinciri \u00e7ocu\u011fu, dola\u015f\u0131mdaki 62,3 milyar madeni paran\u0131n 31,9 milyardan fazla bas\u0131lm\u0131\u015f USDT&#8217;sini bar\u0131nd\u0131r\u0131yor.<\/p>\n\n\n\n<p class=\"has-vivid-red-color has-text-color\"><em>Son dakika geli\u015fmelerden an\u0131nda haberdar olmak i\u00e7in bizi\u00a0<a href=\"https:\/\/www.facebook.com\/BitcoinGazete\" target=\"_blank\" rel=\"noreferrer noopener\"><strong>Facebook<\/strong><\/a>\u00a0,\u00a0<strong><a href=\"https:\/\/twitter.com\/BitcoinGazete\" target=\"_blank\" rel=\"noreferrer noopener\">Twitter<\/a><\/strong>\u00a0ve\u00a0<a href=\"https:\/\/t.me\/BitcoinGazete\" target=\"_blank\" rel=\"noreferrer noopener\"><strong>Telegram<\/strong><\/a>\u00a0kanal\u0131m\u0131zdan takip edebilirsiniz<\/em>.<\/p>\n\n\n\n<h2 class=\"wp-block-heading\">USDC, Ethereum&#8217;da USDT&#8217;yi Devralacak m\u0131?<\/h2>\n\n\n\n<p>Bu arada USDT, Ethereum ekosistemindeki yerini kaybederken, di\u011fer stabilcoinler muazzam bir b\u00fcy\u00fcme ya\u015f\u0131yor.\u00a0\u00d6rne\u011fin USD madeni paras\u0131 (USDC), y\u00fcksek gaz maliyetlerine ra\u011fmen y\u0131l\u0131n ba\u015f\u0131ndan beri \u00e7eki\u015f kazan\u0131yor.\u00a0<\/p>\n\n\n\n<p>Veriler, madeni paran\u0131n dola\u015f\u0131mdaki arz\u0131n\u0131n son yedi ayda 1,3 milyardan 25,7 milyara y\u00fckselmesiyle USDC&#8217;nin yaln\u0131zca 2021&#8217;de %1,800&#8217;\u00fcn \u00fczerinde b\u00fcy\u00fcme kaydetti\u011fini g\u00f6steriyor.&nbsp;Bu, Ethereum&#8217;daki USDT miktar\u0131ndan sadece 3 milyar utanga\u00e7t\u0131r.&nbsp;<\/p>\n\n\n\n<p>Analistler, toplam ERC20 USDC miktar\u0131n\u0131n er ya da ge\u00e7 USDT miktar\u0131n\u0131 yakalayaca\u011f\u0131na ve muhtemelen a\u015faca\u011f\u0131na inan\u0131yor.&nbsp;Haziran ay\u0131 sonlar\u0131nda&nbsp;bir&nbsp;<a href=\"https:\/\/twitter.com\/RyanWatkins_\/status\/1410013765727305735?ref_src=twsrc%5Etfw\" target=\"_blank\" rel=\"noreferrer noopener\">Messari raporu<\/a>&nbsp;, USDC&#8217;nin \u00f6zellikle DeFi kullan\u0131c\u0131lar\u0131ndan \u00e7ok fazla ilgi g\u00f6rd\u00fc\u011f\u00fcn\u00fc ve stablecoin&#8217;e olan artan talebin onu Ethereum blok zincirinde bir pazar lideri olarak konumland\u0131rabilece\u011fini ortaya koydu.&nbsp;<\/p>\n\n\n\n<p>Rapor ayr\u0131ca, Tether&#8217;in Ethereum&#8217;daki stablecoin arz\u0131ndaki pay\u0131n\u0131n b\u00fcy\u00fck olas\u0131l\u0131kla bu s\u00fcre i\u00e7in %50&#8217;nin alt\u0131na d\u00fc\u015fece\u011fini ve USDC&#8217;nin hakim olma \u015fans\u0131n\u0131 art\u0131raca\u011f\u0131n\u0131 \u00f6ne s\u00fcrd\u00fc.<\/p>\n\n\n\n<h2 class=\"wp-block-heading\">Paolo Ardoino: B\u00fcy\u00fcme G\u00f6rmek Umursamaz<\/h2>\n\n\n\n<p>USDT, yedi y\u0131l sonra Ethereum&#8217;daki en b\u00fcy\u00fck stablecoin olma konumunu kaybetmenin e\u015fi\u011finde olmas\u0131na ra\u011fmen, Tether&#8217;in Ba\u015f Teknoloji Sorumlusu (CTO) Paolo Ardoino, rekabetin sekt\u00f6r i\u00e7in sa\u011fl\u0131kl\u0131 oldu\u011funa inan\u0131yor.&nbsp;<\/p>\n\n\n\n<p>D\u00fcn&nbsp;bir&nbsp;<a href=\"https:\/\/twitter.com\/paoloardoino\/status\/1416337096042811392\" target=\"_blank\" rel=\"noreferrer noopener\">dizi<\/a>&nbsp;tweet&#8217;te Ardoino, &#8220;rakipler Tether&#8217;den piyasa de\u011feri al\u0131yor&#8221; diyen raporlar\u0131 her okudu\u011funda \u015fa\u015f\u0131rd\u0131\u011f\u0131n\u0131 belirtti.<\/p>\n\n\n\n<blockquote class=\"wp-block-quote is-layout-flow wp-block-quote-is-layout-flow\"><p>&#8220;Herkes kraldan al\u0131r, en k\u00fc\u00e7\u00fc\u011f\u00fcnden de\u011fil.&nbsp;Ahh\u2026 (ama t\u0131klama tuza\u011f\u0131 daha \u00f6nemlidir).&nbsp;Rekabet ve \u00e7e\u015fitlilik, herhangi bir end\u00fcstride ba\u015far\u0131n\u0131n anahtar\u0131d\u0131r\u201d diye yazd\u0131.<\/p><\/blockquote>\n\n\n\n<p>Ayr\u0131ca CTO, Tether&#8217;deki herkesin sadece ba\u015far\u0131lardan gurur duymad\u0131\u011f\u0131n\u0131, ayn\u0131 zamanda 2014&#8217;te yaratt\u0131klar\u0131 fikrin rekabet\u00e7i bir pazara d\u00f6n\u00fc\u015fmesi nedeniyle gurur duydu\u011funu da s\u00f6zlerine ekledi.&nbsp;Ona g\u00f6re, stabilcoinlerin daha b\u00fcy\u00fck bir temsili, daha adil d\u00fczenlemelere ula\u015fmay\u0131 kolayla\u015ft\u0131r\u0131yor.&nbsp;<\/p>\n\n\n\n<blockquote class=\"wp-block-quote is-layout-flow wp-block-quote-is-layout-flow\"><p>\u201c\u0130ster inan\u0131n ister inanmay\u0131n ama &#8216;B\u0131rak\u0131n herkes b\u00fcy\u00fcs\u00fcn ki t\u00fcm seslerin toplam\u0131 daha y\u00fcksek olsun.&#8217;&nbsp;uzun vadede stabilcoin end\u00fcstrisini \u00e7ok daha sa\u011flam hale getirecek olan \u015fey budur.&nbsp;Yani evet.&nbsp;B\u00fcy\u00fcme g\u00f6rmekten \u00e7ekinmiyoruz.&nbsp;Herkesi bekliyoruz.&nbsp;Biz sadece oyunun adil ve e\u015fit olmas\u0131n\u0131 \u00f6nemsiyoruz,\u201d diyerek s\u00f6zlerini tamamlad\u0131 Ardoino.&nbsp;<\/p><\/blockquote>\n\n\n\n<p><\/p>\n\n\n\n<p class=\"has-cyan-bluish-gray-color has-text-color\">Kaynak: cryptopotato.com<\/p>","protected":false},"excerpt":{"rendered":"<p>\u00d6nde gelen stablecoin, yakla\u015f\u0131k iki ayd\u0131r Ethereum&#8217;da bas\u0131lmad\u0131, ancak Tether CTO&#8217;su endi\u015feli de\u011fil. Sorumluluk Reddi: Burada ifade edilen g\u00f6r\u00fc\u015f yat\u0131r\u0131m&#46;&#46;&#46;<\/p>","protected":false},"author":1,"featured_media":2991,"comment_status":"open","ping_status":"open","sticky":false,"template":"","format":"standard","meta":{"nf_dc_page":"","_monsterinsights_skip_tracking":false,"_monsterinsights_sitenote_active":false,"_monsterinsights_sitenote_note":"","_monsterinsights_sitenote_category":0,"_jetpack_memberships_contains_paid_content":false,"footnotes":""},"categories":[3],"tags":[285],"class_list":["post-2989","post","type-post","status-publish","format-standard","has-post-thumbnail","hentry","category-haberler","tag-thether"],"yoast_head":"<!-- This site is optimized with the Yoast SEO plugin v27.4 - https:\/\/yoast.com\/product\/yoast-seo-wordpress\/ -->\n<title>Thether , May\u0131s ay\u0131ndan beri Ethereum&#039;da USDT Yay\u0131nlamad\u0131: CTO Endi\u015feli De\u011fil - bitcoingazete<\/title>\n<meta name=\"description\" content=\"Thether %Thether , May\u0131s ay\u0131ndan beri Ethereum&#039;da USDT Yay\u0131nlamad\u0131: CTO Endi\u015feli De\u011fil %bitcoingazete.com %kripto para %kripto haber %usdt\" \/>\n<meta name=\"robots\" content=\"index, follow, max-snippet:-1, max-image-preview:large, max-video-preview:-1\" \/>\n<link rel=\"canonical\" href=\"https:\/\/bitcoingazete.com\/en\/thether-mayis-ayindan-beri-ethereumda-usdt-yayinlamadi-cto-endiseli-degil\/\" \/>\n<meta property=\"og:locale\" content=\"en_GB\" \/>\n<meta property=\"og:type\" content=\"article\" \/>\n<meta property=\"og:title\" content=\"Thether , May\u0131s ay\u0131ndan beri Ethereum&#039;da USDT Yay\u0131nlamad\u0131: CTO Endi\u015feli De\u011fil - bitcoingazete\" \/>\n<meta property=\"og:description\" content=\"Thether %Thether , May\u0131s ay\u0131ndan beri Ethereum&#039;da USDT Yay\u0131nlamad\u0131: CTO Endi\u015feli De\u011fil %bitcoingazete.com %kripto para %kripto haber %usdt\" \/>\n<meta property=\"og:url\" content=\"https:\/\/bitcoingazete.com\/en\/thether-mayis-ayindan-beri-ethereumda-usdt-yayinlamadi-cto-endiseli-degil\/\" \/>\n<meta property=\"og:site_name\" content=\"bitcoingazete\" \/>\n<meta property=\"article:published_time\" content=\"2021-07-19T06:54:35+00:00\" \/>\n<meta property=\"article:modified_time\" content=\"2021-07-19T06:54:42+00:00\" \/>\n<meta property=\"og:image\" content=\"https:\/\/i2.wp.com\/bitcoingazete.com\/wp-content\/uploads\/2021\/07\/Thether-Mayis-ayindan-beri-Ethereumda-USDT-Yayinlamadi-CTO-Endiseli-Degil.jpg?fit=1200%2C675&ssl=1\" \/>\n\t<meta property=\"og:image:width\" content=\"1200\" \/>\n\t<meta property=\"og:image:height\" content=\"675\" \/>\n\t<meta property=\"og:image:type\" content=\"image\/jpeg\" \/>\n<meta name=\"author\" content=\"Bitcoingazete\" \/>\n<meta name=\"twitter:card\" content=\"summary_large_image\" \/>\n<meta name=\"twitter:creator\" content=\"@admin\" \/>\n<meta name=\"twitter:site\" content=\"@admin\" \/>\n<meta name=\"twitter:label1\" content=\"Written by\" \/>\n\t<meta name=\"twitter:data1\" content=\"Bitcoingazete\" \/>\n\t<meta name=\"twitter:label2\" content=\"Estimated reading time\" \/>\n\t<meta name=\"twitter:data2\" content=\"3 minutes\" \/>\n<script type=\"application\/ld+json\" class=\"yoast-schema-graph\">{\"@context\":\"https:\\\/\\\/schema.org\",\"@graph\":[{\"@type\":\"Article\",\"@id\":\"https:\\\/\\\/bitcoingazete.com\\\/thether-mayis-ayindan-beri-ethereumda-usdt-yayinlamadi-cto-endiseli-degil\\\/#article\",\"isPartOf\":{\"@id\":\"https:\\\/\\\/bitcoingazete.com\\\/thether-mayis-ayindan-beri-ethereumda-usdt-yayinlamadi-cto-endiseli-degil\\\/\"},\"author\":{\"name\":\"Bitcoingazete\",\"@id\":\"https:\\\/\\\/bitcoingazete.com\\\/#\\\/schema\\\/person\\\/c0a424e64fb9018954d8deb9db9353a3\"},\"headline\":\"Thether , May\u0131s ay\u0131ndan beri Ethereum&#8217;da USDT Yay\u0131nlamad\u0131: CTO Endi\u015feli De\u011fil\",\"datePublished\":\"2021-07-19T06:54:35+00:00\",\"dateModified\":\"2021-07-19T06:54:42+00:00\",\"mainEntityOfPage\":{\"@id\":\"https:\\\/\\\/bitcoingazete.com\\\/thether-mayis-ayindan-beri-ethereumda-usdt-yayinlamadi-cto-endiseli-degil\\\/\"},\"wordCount\":758,\"commentCount\":0,\"publisher\":{\"@id\":\"https:\\\/\\\/bitcoingazete.com\\\/#\\\/schema\\\/person\\\/c0a424e64fb9018954d8deb9db9353a3\"},\"image\":{\"@id\":\"https:\\\/\\\/bitcoingazete.com\\\/thether-mayis-ayindan-beri-ethereumda-usdt-yayinlamadi-cto-endiseli-degil\\\/#primaryimage\"},\"thumbnailUrl\":\"https:\\\/\\\/i0.wp.com\\\/bitcoingazete.com\\\/wp-content\\\/uploads\\\/2021\\\/07\\\/Thether-Mayis-ayindan-beri-Ethereumda-USDT-Yayinlamadi-CTO-Endiseli-Degil.jpg?fit=1200%2C675&ssl=1\",\"keywords\":[\"thether\"],\"articleSection\":[\"Haberler\"],\"inLanguage\":\"en-GB\",\"potentialAction\":[{\"@type\":\"CommentAction\",\"name\":\"Comment\",\"target\":[\"https:\\\/\\\/bitcoingazete.com\\\/thether-mayis-ayindan-beri-ethereumda-usdt-yayinlamadi-cto-endiseli-degil\\\/#respond\"]}]},{\"@type\":\"WebPage\",\"@id\":\"https:\\\/\\\/bitcoingazete.com\\\/thether-mayis-ayindan-beri-ethereumda-usdt-yayinlamadi-cto-endiseli-degil\\\/\",\"url\":\"https:\\\/\\\/bitcoingazete.com\\\/thether-mayis-ayindan-beri-ethereumda-usdt-yayinlamadi-cto-endiseli-degil\\\/\",\"name\":\"Thether , May\u0131s ay\u0131ndan beri Ethereum'da USDT Yay\u0131nlamad\u0131: CTO Endi\u015feli De\u011fil - bitcoingazete\",\"isPartOf\":{\"@id\":\"https:\\\/\\\/bitcoingazete.com\\\/#website\"},\"primaryImageOfPage\":{\"@id\":\"https:\\\/\\\/bitcoingazete.com\\\/thether-mayis-ayindan-beri-ethereumda-usdt-yayinlamadi-cto-endiseli-degil\\\/#primaryimage\"},\"image\":{\"@id\":\"https:\\\/\\\/bitcoingazete.com\\\/thether-mayis-ayindan-beri-ethereumda-usdt-yayinlamadi-cto-endiseli-degil\\\/#primaryimage\"},\"thumbnailUrl\":\"https:\\\/\\\/i0.wp.com\\\/bitcoingazete.com\\\/wp-content\\\/uploads\\\/2021\\\/07\\\/Thether-Mayis-ayindan-beri-Ethereumda-USDT-Yayinlamadi-CTO-Endiseli-Degil.jpg?fit=1200%2C675&ssl=1\",\"datePublished\":\"2021-07-19T06:54:35+00:00\",\"dateModified\":\"2021-07-19T06:54:42+00:00\",\"description\":\"Thether %Thether , May\u0131s ay\u0131ndan beri Ethereum'da USDT Yay\u0131nlamad\u0131: CTO Endi\u015feli De\u011fil %bitcoingazete.com %kripto para %kripto haber %usdt\",\"breadcrumb\":{\"@id\":\"https:\\\/\\\/bitcoingazete.com\\\/thether-mayis-ayindan-beri-ethereumda-usdt-yayinlamadi-cto-endiseli-degil\\\/#breadcrumb\"},\"inLanguage\":\"en-GB\",\"potentialAction\":[{\"@type\":\"ReadAction\",\"target\":[\"https:\\\/\\\/bitcoingazete.com\\\/thether-mayis-ayindan-beri-ethereumda-usdt-yayinlamadi-cto-endiseli-degil\\\/\"]}]},{\"@type\":\"ImageObject\",\"inLanguage\":\"en-GB\",\"@id\":\"https:\\\/\\\/bitcoingazete.com\\\/thether-mayis-ayindan-beri-ethereumda-usdt-yayinlamadi-cto-endiseli-degil\\\/#primaryimage\",\"url\":\"https:\\\/\\\/i0.wp.com\\\/bitcoingazete.com\\\/wp-content\\\/uploads\\\/2021\\\/07\\\/Thether-Mayis-ayindan-beri-Ethereumda-USDT-Yayinlamadi-CTO-Endiseli-Degil.jpg?fit=1200%2C675&ssl=1\",\"contentUrl\":\"https:\\\/\\\/i0.wp.com\\\/bitcoingazete.com\\\/wp-content\\\/uploads\\\/2021\\\/07\\\/Thether-Mayis-ayindan-beri-Ethereumda-USDT-Yayinlamadi-CTO-Endiseli-Degil.jpg?fit=1200%2C675&ssl=1\",\"width\":1200,\"height\":675,\"caption\":\"thether\"},{\"@type\":\"BreadcrumbList\",\"@id\":\"https:\\\/\\\/bitcoingazete.com\\\/thether-mayis-ayindan-beri-ethereumda-usdt-yayinlamadi-cto-endiseli-degil\\\/#breadcrumb\",\"itemListElement\":[{\"@type\":\"ListItem\",\"position\":1,\"name\":\"Home\",\"item\":\"https:\\\/\\\/bitcoingazete.com\\\/\"},{\"@type\":\"ListItem\",\"position\":2,\"name\":\"Thether , May\u0131s ay\u0131ndan beri Ethereum&#8217;da USDT Yay\u0131nlamad\u0131: CTO Endi\u015feli De\u011fil\"}]},{\"@type\":\"WebSite\",\"@id\":\"https:\\\/\\\/bitcoingazete.com\\\/#website\",\"url\":\"https:\\\/\\\/bitcoingazete.com\\\/\",\"name\":\"bitcoingazete\",\"description\":\"bitcoingazete\",\"publisher\":{\"@id\":\"https:\\\/\\\/bitcoingazete.com\\\/#\\\/schema\\\/person\\\/c0a424e64fb9018954d8deb9db9353a3\"},\"potentialAction\":[{\"@type\":\"SearchAction\",\"target\":{\"@type\":\"EntryPoint\",\"urlTemplate\":\"https:\\\/\\\/bitcoingazete.com\\\/?s={search_term_string}\"},\"query-input\":{\"@type\":\"PropertyValueSpecification\",\"valueRequired\":true,\"valueName\":\"search_term_string\"}}],\"inLanguage\":\"en-GB\"},{\"@type\":[\"Person\",\"Organization\"],\"@id\":\"https:\\\/\\\/bitcoingazete.com\\\/#\\\/schema\\\/person\\\/c0a424e64fb9018954d8deb9db9353a3\",\"name\":\"Bitcoingazete\",\"image\":{\"@type\":\"ImageObject\",\"inLanguage\":\"en-GB\",\"@id\":\"https:\\\/\\\/secure.gravatar.com\\\/avatar\\\/45aa7db6007ede6bc0bc4c5af22a8653a35099f44bd51060a992214d2cfeff92?s=96&d=mm&r=g\",\"url\":\"https:\\\/\\\/secure.gravatar.com\\\/avatar\\\/45aa7db6007ede6bc0bc4c5af22a8653a35099f44bd51060a992214d2cfeff92?s=96&d=mm&r=g\",\"contentUrl\":\"https:\\\/\\\/secure.gravatar.com\\\/avatar\\\/45aa7db6007ede6bc0bc4c5af22a8653a35099f44bd51060a992214d2cfeff92?s=96&d=mm&r=g\",\"caption\":\"Bitcoingazete\"},\"logo\":{\"@id\":\"https:\\\/\\\/secure.gravatar.com\\\/avatar\\\/45aa7db6007ede6bc0bc4c5af22a8653a35099f44bd51060a992214d2cfeff92?s=96&d=mm&r=g\"},\"description\":\"BITCOIN &amp; BLOCKCHAIN Sekt\u00f6r\u00fcnde 2015 y\u0131l\u0131 itibari ile uzman kadrosu ile hizmet vermekteyiz. Amac\u0131m\u0131z do\u011fru ve g\u00fcncel BITCOIN Haberlerini g\u00fcnl\u00fck iletmektir.\",\"sameAs\":[\"https:\\\/\\\/x.com\\\/admin\"]}]}<\/script>\n<!-- \/ Yoast SEO plugin. -->","yoast_head_json":{"title":"Thether , May\u0131s ay\u0131ndan beri Ethereum'da USDT Yay\u0131nlamad\u0131: CTO Endi\u015feli De\u011fil - bitcoingazete","description":"Thether %Thether , May\u0131s ay\u0131ndan beri Ethereum'da USDT Yay\u0131nlamad\u0131: CTO Endi\u015feli De\u011fil %bitcoingazete.com %kripto para %kripto haber %usdt","robots":{"index":"index","follow":"follow","max-snippet":"max-snippet:-1","max-image-preview":"max-image-preview:large","max-video-preview":"max-video-preview:-1"},"canonical":"https:\/\/bitcoingazete.com\/en\/thether-mayis-ayindan-beri-ethereumda-usdt-yayinlamadi-cto-endiseli-degil\/","og_locale":"en_GB","og_type":"article","og_title":"Thether , May\u0131s ay\u0131ndan beri Ethereum'da USDT Yay\u0131nlamad\u0131: CTO Endi\u015feli De\u011fil - bitcoingazete","og_description":"Thether %Thether , May\u0131s ay\u0131ndan beri Ethereum'da USDT Yay\u0131nlamad\u0131: CTO Endi\u015feli De\u011fil %bitcoingazete.com %kripto para %kripto haber %usdt","og_url":"https:\/\/bitcoingazete.com\/en\/thether-mayis-ayindan-beri-ethereumda-usdt-yayinlamadi-cto-endiseli-degil\/","og_site_name":"bitcoingazete","article_published_time":"2021-07-19T06:54:35+00:00","article_modified_time":"2021-07-19T06:54:42+00:00","og_image":[{"width":1200,"height":675,"url":"https:\/\/i2.wp.com\/bitcoingazete.com\/wp-content\/uploads\/2021\/07\/Thether-Mayis-ayindan-beri-Ethereumda-USDT-Yayinlamadi-CTO-Endiseli-Degil.jpg?fit=1200%2C675&ssl=1","type":"image\/jpeg"}],"author":"Bitcoingazete","twitter_card":"summary_large_image","twitter_creator":"@admin","twitter_site":"@admin","twitter_misc":{"Written by":"Bitcoingazete","Estimated reading time":"3 minutes"},"schema":{"@context":"https:\/\/schema.org","@graph":[{"@type":"Article","@id":"https:\/\/bitcoingazete.com\/thether-mayis-ayindan-beri-ethereumda-usdt-yayinlamadi-cto-endiseli-degil\/#article","isPartOf":{"@id":"https:\/\/bitcoingazete.com\/thether-mayis-ayindan-beri-ethereumda-usdt-yayinlamadi-cto-endiseli-degil\/"},"author":{"name":"Bitcoingazete","@id":"https:\/\/bitcoingazete.com\/#\/schema\/person\/c0a424e64fb9018954d8deb9db9353a3"},"headline":"Thether , May\u0131s ay\u0131ndan beri Ethereum&#8217;da USDT Yay\u0131nlamad\u0131: CTO Endi\u015feli De\u011fil","datePublished":"2021-07-19T06:54:35+00:00","dateModified":"2021-07-19T06:54:42+00:00","mainEntityOfPage":{"@id":"https:\/\/bitcoingazete.com\/thether-mayis-ayindan-beri-ethereumda-usdt-yayinlamadi-cto-endiseli-degil\/"},"wordCount":758,"commentCount":0,"publisher":{"@id":"https:\/\/bitcoingazete.com\/#\/schema\/person\/c0a424e64fb9018954d8deb9db9353a3"},"image":{"@id":"https:\/\/bitcoingazete.com\/thether-mayis-ayindan-beri-ethereumda-usdt-yayinlamadi-cto-endiseli-degil\/#primaryimage"},"thumbnailUrl":"https:\/\/i0.wp.com\/bitcoingazete.com\/wp-content\/uploads\/2021\/07\/Thether-Mayis-ayindan-beri-Ethereumda-USDT-Yayinlamadi-CTO-Endiseli-Degil.jpg?fit=1200%2C675&ssl=1","keywords":["thether"],"articleSection":["Haberler"],"inLanguage":"en-GB","potentialAction":[{"@type":"CommentAction","name":"Comment","target":["https:\/\/bitcoingazete.com\/thether-mayis-ayindan-beri-ethereumda-usdt-yayinlamadi-cto-endiseli-degil\/#respond"]}]},{"@type":"WebPage","@id":"https:\/\/bitcoingazete.com\/thether-mayis-ayindan-beri-ethereumda-usdt-yayinlamadi-cto-endiseli-degil\/","url":"https:\/\/bitcoingazete.com\/thether-mayis-ayindan-beri-ethereumda-usdt-yayinlamadi-cto-endiseli-degil\/","name":"Thether , May\u0131s ay\u0131ndan beri Ethereum'da USDT Yay\u0131nlamad\u0131: CTO Endi\u015feli De\u011fil - bitcoingazete","isPartOf":{"@id":"https:\/\/bitcoingazete.com\/#website"},"primaryImageOfPage":{"@id":"https:\/\/bitcoingazete.com\/thether-mayis-ayindan-beri-ethereumda-usdt-yayinlamadi-cto-endiseli-degil\/#primaryimage"},"image":{"@id":"https:\/\/bitcoingazete.com\/thether-mayis-ayindan-beri-ethereumda-usdt-yayinlamadi-cto-endiseli-degil\/#primaryimage"},"thumbnailUrl":"https:\/\/i0.wp.com\/bitcoingazete.com\/wp-content\/uploads\/2021\/07\/Thether-Mayis-ayindan-beri-Ethereumda-USDT-Yayinlamadi-CTO-Endiseli-Degil.jpg?fit=1200%2C675&ssl=1","datePublished":"2021-07-19T06:54:35+00:00","dateModified":"2021-07-19T06:54:42+00:00","description":"Thether %Thether , May\u0131s ay\u0131ndan beri Ethereum'da USDT Yay\u0131nlamad\u0131: CTO Endi\u015feli De\u011fil %bitcoingazete.com %kripto para %kripto haber %usdt","breadcrumb":{"@id":"https:\/\/bitcoingazete.com\/thether-mayis-ayindan-beri-ethereumda-usdt-yayinlamadi-cto-endiseli-degil\/#breadcrumb"},"inLanguage":"en-GB","potentialAction":[{"@type":"ReadAction","target":["https:\/\/bitcoingazete.com\/thether-mayis-ayindan-beri-ethereumda-usdt-yayinlamadi-cto-endiseli-degil\/"]}]},{"@type":"ImageObject","inLanguage":"en-GB","@id":"https:\/\/bitcoingazete.com\/thether-mayis-ayindan-beri-ethereumda-usdt-yayinlamadi-cto-endiseli-degil\/#primaryimage","url":"https:\/\/i0.wp.com\/bitcoingazete.com\/wp-content\/uploads\/2021\/07\/Thether-Mayis-ayindan-beri-Ethereumda-USDT-Yayinlamadi-CTO-Endiseli-Degil.jpg?fit=1200%2C675&ssl=1","contentUrl":"https:\/\/i0.wp.com\/bitcoingazete.com\/wp-content\/uploads\/2021\/07\/Thether-Mayis-ayindan-beri-Ethereumda-USDT-Yayinlamadi-CTO-Endiseli-Degil.jpg?fit=1200%2C675&ssl=1","width":1200,"height":675,"caption":"thether"},{"@type":"BreadcrumbList","@id":"https:\/\/bitcoingazete.com\/thether-mayis-ayindan-beri-ethereumda-usdt-yayinlamadi-cto-endiseli-degil\/#breadcrumb","itemListElement":[{"@type":"ListItem","position":1,"name":"Home","item":"https:\/\/bitcoingazete.com\/"},{"@type":"ListItem","position":2,"name":"Thether , May\u0131s ay\u0131ndan beri Ethereum&#8217;da USDT Yay\u0131nlamad\u0131: CTO Endi\u015feli De\u011fil"}]},{"@type":"WebSite","@id":"https:\/\/bitcoingazete.com\/#website","url":"https:\/\/bitcoingazete.com\/","name":"bitcoingazete","description":"bitcoingazete","publisher":{"@id":"https:\/\/bitcoingazete.com\/#\/schema\/person\/c0a424e64fb9018954d8deb9db9353a3"},"potentialAction":[{"@type":"SearchAction","target":{"@type":"EntryPoint","urlTemplate":"https:\/\/bitcoingazete.com\/?s={search_term_string}"},"query-input":{"@type":"PropertyValueSpecification","valueRequired":true,"valueName":"search_term_string"}}],"inLanguage":"en-GB"},{"@type":["Person","Organization"],"@id":"https:\/\/bitcoingazete.com\/#\/schema\/person\/c0a424e64fb9018954d8deb9db9353a3","name":"Bitcoingazete","image":{"@type":"ImageObject","inLanguage":"en-GB","@id":"https:\/\/secure.gravatar.com\/avatar\/45aa7db6007ede6bc0bc4c5af22a8653a35099f44bd51060a992214d2cfeff92?s=96&d=mm&r=g","url":"https:\/\/secure.gravatar.com\/avatar\/45aa7db6007ede6bc0bc4c5af22a8653a35099f44bd51060a992214d2cfeff92?s=96&d=mm&r=g","contentUrl":"https:\/\/secure.gravatar.com\/avatar\/45aa7db6007ede6bc0bc4c5af22a8653a35099f44bd51060a992214d2cfeff92?s=96&d=mm&r=g","caption":"Bitcoingazete"},"logo":{"@id":"https:\/\/secure.gravatar.com\/avatar\/45aa7db6007ede6bc0bc4c5af22a8653a35099f44bd51060a992214d2cfeff92?s=96&d=mm&r=g"},"description":"BITCOIN &amp; BLOCKCHAIN Sekt\u00f6r\u00fcnde 2015 y\u0131l\u0131 itibari ile uzman kadrosu ile hizmet vermekteyiz. Amac\u0131m\u0131z do\u011fru ve g\u00fcncel BITCOIN Haberlerini g\u00fcnl\u00fck iletmektir.","sameAs":["https:\/\/x.com\/admin"]}]}},"jetpack_featured_media_url":"https:\/\/i0.wp.com\/bitcoingazete.com\/wp-content\/uploads\/2021\/07\/Thether-Mayis-ayindan-beri-Ethereumda-USDT-Yayinlamadi-CTO-Endiseli-Degil.jpg?fit=1200%2C675&ssl=1","jetpack_sharing_enabled":true,"amp_enabled":true,"_links":{"self":[{"href":"https:\/\/bitcoingazete.com\/en\/wp-json\/wp\/v2\/posts\/2989","targetHints":{"allow":["GET"]}}],"collection":[{"href":"https:\/\/bitcoingazete.com\/en\/wp-json\/wp\/v2\/posts"}],"about":[{"href":"https:\/\/bitcoingazete.com\/en\/wp-json\/wp\/v2\/types\/post"}],"author":[{"embeddable":true,"href":"https:\/\/bitcoingazete.com\/en\/wp-json\/wp\/v2\/users\/1"}],"replies":[{"embeddable":true,"href":"https:\/\/bitcoingazete.com\/en\/wp-json\/wp\/v2\/comments?post=2989"}],"version-history":[{"count":1,"href":"https:\/\/bitcoingazete.com\/en\/wp-json\/wp\/v2\/posts\/2989\/revisions"}],"predecessor-version":[{"id":2992,"href":"https:\/\/bitcoingazete.com\/en\/wp-json\/wp\/v2\/posts\/2989\/revisions\/2992"}],"wp:featuredmedia":[{"embeddable":true,"href":"https:\/\/bitcoingazete.com\/en\/wp-json\/wp\/v2\/media\/2991"}],"wp:attachment":[{"href":"https:\/\/bitcoingazete.com\/en\/wp-json\/wp\/v2\/media?parent=2989"}],"wp:term":[{"taxonomy":"category","embeddable":true,"href":"https:\/\/bitcoingazete.com\/en\/wp-json\/wp\/v2\/categories?post=2989"},{"taxonomy":"post_tag","embeddable":true,"href":"https:\/\/bitcoingazete.com\/en\/wp-json\/wp\/v2\/tags?post=2989"}],"curies":[{"name":"wp","href":"https:\/\/api.w.org\/{rel}","templated":true}]}}