{"id":1383,"date":"2021-06-18T10:59:53","date_gmt":"2021-06-18T07:59:53","guid":{"rendered":"https:\/\/bitcoingazete.com\/?p=1383"},"modified":"2021-06-18T11:00:06","modified_gmt":"2021-06-18T08:00:06","slug":"brock-pierce-neden-el-salvadorda-resmi-bitcoin-delegasyonuna-onderlik-ediyor","status":"publish","type":"post","link":"https:\/\/bitcoingazete.com\/en\/brock-pierce-neden-el-salvadorda-resmi-bitcoin-delegasyonuna-onderlik-ediyor\/","title":{"rendered":"Brock Pierce Neden El Salvador&#8217;da \u201cResmi Bitcoin Delegasyonuna\u201d \u00d6nderlik Ediyor?"},"content":{"rendered":"<p>El Salvador, \u00a0BTC&#8217;yi yasal ihale olarak ilan\u00a0eden ilk \u00fclke\u00a0. Brock Pierce, \u201c\u00a0<em>Bitcoin El\u00e7ileri Resmi Delegasyonu<\/em>\u00a0\u201dnun Ba\u015fkan Bukele ve di\u011fer h\u00fck\u00fcmet yetkilileriyle bir araya geldi\u011fi bildirildi.\u00a0Ancak, merkezi olmayan bir protokol\u00fcn \u201cresmi delegasyonu\u201d diye bir \u015fey var m\u0131?\u00a0Hay\u0131r, yok.\u00a0Ve t\u00fcm Bitcoin toplulu\u011fu durum hakk\u0131nda kollar\u0131 s\u0131vad\u0131.<\/p>\n\n\n\n<p>\u0130\u015fte tart\u0131\u015fmalar\u0131 alevlendiren <\/p>\n\n\n\n<blockquote class=\"wp-block-quote is-layout-flow wp-block-quote-is-layout-flow\"><p>H\u00fck\u00fcmeti Bitcoin, Blockchain ve teknolojinin \u00fclkelerindeki herkes i\u00e7in nas\u0131l daha parlak bir gelecek yaratabilece\u011fi konusunda e\u011fitmek i\u00e7in El Salvador&#8217;daki bu resmi Bitcoin el\u00e7ileri heyetine liderlik etmekten b\u00fcy\u00fck onur duyuyorum.\u00a0<a href=\"https:\/\/twitter.com\/MilenaMayorga?ref_src=twsrc%5Etfw\" target=\"_blank\" rel=\"noreferrer noopener\">@MilenaMayorga\u00a0<\/a><a href=\"https:\/\/twitter.com\/nayibbukele?ref_src=twsrc%5Etfw\" target=\"_blank\" rel=\"noreferrer noopener\">@nayibbukele\u00a0<\/a><a href=\"https:\/\/twitter.com\/hashtag\/Bitcoin?src=hash&amp;ref_src=twsrc%5Etfw\" target=\"_blank\" rel=\"noreferrer noopener\">#Bitcoin\u00a0<\/a>pic.twitter.com\/weIFGyTbPy<\/p><p>\u2014 Brock Pierce (@brockpierce)\u00a0<a href=\"https:\/\/twitter.com\/brockpierce\/status\/1405227193161207815?ref_src=twsrc%5Etfw\" target=\"_blank\" rel=\"noreferrer noopener\">16 Haziran 2021<\/a><\/p><\/blockquote>\n\n\n\n<p>Fikri tamamlamak i\u00e7in\u00a0<a href=\"https:\/\/twitter.com\/brockpierce\/status\/1405244574021427202\" target=\"_blank\" rel=\"noreferrer noopener\">Pierce \u015funlar\u0131 s\u00f6yledi<\/a>\u00a0: \u201c\u00a0<em>Bu heyet, Covid karantinalar\u0131n\u0131n ba\u015flamas\u0131ndan bu yana resmi bir s\u0131fatla El Salvador&#8217;u ilk ziyaret eden ki\u015fidir.\u00a0Birlikte tarih yazmaktan mutluluk duyuyorum!\u00a0<\/em>\u201d Karakter, 2013&#8217;ten beri blockchain teknolojisinde yer al\u0131yor. Par\u00e7as\u0131 oldu\u011fu en iyi bilinen iki proje, stablecoin Tether ve EOS.io protokol\u00fcd\u00fcr.\u00a0Bu sonuncusu hakk\u0131nda bir toplu dava hala havada as\u0131l\u0131 duruyor.\u00a0<\/p>\n\n\n\n<p>Ba\u015f davac\u0131 Crypto Assets Opportunity Fund, Block.one, CEO Brendan Blumer, CTO Dan Larimer, eski CSO Brock Pierce ve eski orta\u011f\u0131 Ian Grigg&#8217;i token sat\u0131\u015f\u0131 konusunda yat\u0131r\u0131mc\u0131lar\u0131 aldatmakla su\u00e7luyor ve tazminat talep ediyor.<\/p>\n\n\n\n<p>\u015eirket, \u201c&nbsp;<em>Menkul K\u0131ymetler ve Borsa Komisyonu (SEC) ile bir anla\u015fmaya vard\u0131 ve yasal k\u0131s\u0131tlamalardan feragat etmek kar\u015f\u0131l\u0131\u011f\u0131nda kay\u0131t d\u0131\u015f\u0131 bir menkul k\u0131ymet sat\u0131\u015f\u0131 y\u00fcr\u00fctmek i\u00e7in 24 milyon dolar tazminat \u00f6demeyi kabul<\/em>&nbsp;etmi\u015fti&nbsp;.\u201d&nbsp;Ancak, \u201c&nbsp;<em>Para kaybeden yat\u0131r\u0131mc\u0131lar\u0131n Block.one&#8217;a kar\u015f\u0131 \u00f6zel bir davalar\u0131 var.&nbsp;<\/em>\u201d<\/p>\n\n\n\n<div class=\"wp-block-image\"><figure class=\"aligncenter\"><img data-recalc-dims=\"1\" height=\"372\" width=\"640\" decoding=\"async\" src=\"https:\/\/i0.wp.com\/bitcoinist.com\/wp-content\/uploads\/2021\/06\/vccCfT5A-640x372.png?resize=640%2C372&#038;ssl=1\" alt=\"18.06.2021 BTCUSDT fiyat grafi\u011fi - TradingView\" class=\"wp-image-152903\"\/><\/figure><\/div>\n\n\n\n<h2 class=\"wp-block-heading\">Brock Pierce&#8217;\u0131n S\u00f6zde \u201cResmi Heyeti\u201dne Geri D\u00f6n<\/h2>\n\n\n\n<p>Adil olmak gerekirse, Brock Pierce 2014 y\u0131l\u0131nda Bitcoin Vakf\u0131 Direkt\u00f6r\u00fc se\u00e7ildi. Bir y\u0131l sonra organizasyon feshedildi.\u00a0Bu kredi i\u00e7in,\u00a0<a href=\"https:\/\/twitter.com\/brockpierce\/status\/1405362567413784579\" target=\"_blank\" rel=\"noreferrer noopener\">iddia etti\u011fi<\/a>\u00a0\u201c\u00a0<em>olgusal ben 2012-2014 in\u015faat end\u00fcstrisi kurulu\u015flar\u0131n \u00e7oklu\u011fu ile se\u00e7ildi<\/em>\u00a0.\u201d\u00a0Ve e\u011fer Bitcoin&#8217;in yan\u0131ndaki &#8220;resmi&#8221; kelimesi t\u00fcylerinizi diken diken ediyorsa, t\u00fcm operasyon i\u00e7in nas\u0131l gizlice kredi ald\u0131\u011f\u0131na bir bak\u0131n:<\/p>\n\n\n\n<blockquote class=\"wp-block-quote is-layout-flow wp-block-quote-is-layout-flow\"><p>Heyet taraf\u0131ndan El Salvador&#8217;a yap\u0131lan ziyaret d\u00fcnya \u00e7ap\u0131nda haber oldu.<br>Tarih yaz\u0131yoruz.&nbsp;<a href=\"https:\/\/t.co\/VpkAA0ac3E\" target=\"_blank\" rel=\"noreferrer noopener\">pic.twitter.com\/VpkAA0ac3E<\/a><\/p><p>\u2014 Brock Pierce (@brockpierce)&nbsp;<a href=\"https:\/\/twitter.com\/brockpierce\/status\/1405666231244443649?ref_src=twsrc%5Etfw\" target=\"_blank\" rel=\"noreferrer noopener\">17 Haziran 2021<\/a><\/p><\/blockquote>\n\n\n\n<p>\u201cWhat Bitcoin Did\u201d podcast&#8217;inin ev sahibi Peter McCormack,\u00a015 Haziran&#8217;da\u00a0Ba\u015fkan Bukele ile bir araya geldi\u00a0.\u00a0\u00a0\u201c\u00a0<em>Devlet bir a\u00e7\u0131klama yapar yapmaz sekt\u00f6r\u00fcm\u00fcz\u00fcn etraf\u0131n\u0131 saran t\u00fcm \u015farlatanlar birdenbire gelece\u011fiz, yard\u0131m edece\u011fiz, para yat\u0131raca\u011f\u0131z demeye ba\u015flad\u0131lar.\u00a0Ba\u015fkanla bu konuyu konu\u015ftum.\u00a0Ba\u015fkana \u00f6zellikle dedim, olacak \u015fey bu.\u00a0Bu insanlara kar\u015f\u0131 \u00e7ok dikkatli olmal\u0131s\u0131n\u0131z.\u00a0<\/em><\/p>\n\n\n\n<blockquote class=\"wp-block-quote is-layout-flow wp-block-quote-is-layout-flow\"><p>.\u00a0@PeterMcCormack\u00a0, cumhurba\u015fkan\u0131\u00a0<a href=\"https:\/\/twitter.com\/nayibbukele?ref_src=twsrc%5Etfw\" target=\"_blank\" rel=\"noreferrer noopener\">@\u00a0<\/a>nayibbukele&#8217;ye\u00a0&#8220;s**tcoin&#8217;leri radar\u0131n alt\u0131na sokacak&#8221;\u00a0@brockpierce&#8217;e\u00a0dikkat\u00a0etmesini\u00a0s\u00f6yledi\u00a0.<\/p><p>#CDTV&#8217;de\u00a0&#8220;Bu, \u00fclkeye refah ve g\u00fcvenlik getirmekle ilgili, insanlar\u0131n para kaybedebilece\u011fi bir kumarhane de\u011fil&#8221; diyor\u00a0.\u00a0<a href=\"https:\/\/t.co\/EZwsu6rXsE\" target=\"_blank\" rel=\"noreferrer noopener\">https:\/\/t.co\/EZwsu6rXsE\u00a0<\/a><a href=\"https:\/\/t.co\/TNk05WOEvx\" target=\"_blank\" rel=\"noreferrer noopener\">pic.twitter.com\/TNk05WOEvx<\/a><\/p><\/blockquote>\n\n\n\n<p><\/p>\n\n\n\n<p>Bitcoin toplulu\u011funun beyaz kan h\u00fccreleri, bu yeni geli\u015fmenin her yerinde.\u00a0\u201c\u00a0<em>Bitcoin El\u00e7ilerinin Resmi Delegasyonu<\/em>\u00a0\u201dndaki a\u00e7\u0131k\u00e7as\u0131 sa\u00e7ma kelime se\u00e7imini ele\u015ftiriyorlar\u00a0.\u00a0Pierce&#8217;\u0131n ge\u00e7mi\u015fteki karars\u0131zl\u0131klar\u0131ndan bahsediyorum.\u00a0Brock Pierce&#8217;a doland\u0131r\u0131c\u0131 demek.\u00a0Ona Altcoins ajan\u0131 diyorlar.\u00a0Bu \u201cresmi\u201d ziyaretin sular\u0131 buland\u0131rmas\u0131ndan korkuyorlar.\u00a0Bu toplant\u0131lar\u0131n iyi bir \u015feyi mahvetmesinden korkuluyor.\u00a0<\/p>","protected":false},"excerpt":{"rendered":"<p>El Salvador, \u00a0BTC&#8217;yi yasal ihale olarak ilan\u00a0eden ilk \u00fclke\u00a0. Brock Pierce, \u201c\u00a0Bitcoin El\u00e7ileri Resmi Delegasyonu\u00a0\u201dnun Ba\u015fkan Bukele ve di\u011fer h\u00fck\u00fcmet&#46;&#46;&#46;<\/p>","protected":false},"author":1,"featured_media":1384,"comment_status":"open","ping_status":"open","sticky":false,"template":"","format":"standard","meta":{"nf_dc_page":"","_monsterinsights_skip_tracking":false,"_monsterinsights_sitenote_active":false,"_monsterinsights_sitenote_note":"","_monsterinsights_sitenote_category":0,"_jetpack_memberships_contains_paid_content":false,"footnotes":""},"categories":[3],"tags":[46,181],"class_list":["post-1383","post","type-post","status-publish","format-standard","has-post-thumbnail","hentry","category-haberler","tag-bitcoin-gazete","tag-brock-pierce"],"yoast_head":"<!-- This site is optimized with the Yoast SEO plugin v27.4 - https:\/\/yoast.com\/product\/yoast-seo-wordpress\/ -->\n<title>Brock Pierce Neden El Salvador&#039;da \u201cResmi Bitcoin Delegasyonuna\u201d \u00d6nderlik Ediyor? - bitcoingazete<\/title>\n<meta name=\"robots\" content=\"index, follow, max-snippet:-1, max-image-preview:large, max-video-preview:-1\" \/>\n<link rel=\"canonical\" href=\"https:\/\/bitcoingazete.com\/en\/brock-pierce-neden-el-salvadorda-resmi-bitcoin-delegasyonuna-onderlik-ediyor\/\" \/>\n<meta property=\"og:locale\" content=\"en_GB\" \/>\n<meta property=\"og:type\" content=\"article\" \/>\n<meta property=\"og:title\" content=\"Brock Pierce Neden El Salvador&#039;da \u201cResmi Bitcoin Delegasyonuna\u201d \u00d6nderlik Ediyor? - bitcoingazete\" \/>\n<meta property=\"og:description\" content=\"El Salvador, \u00a0BTC&#8217;yi yasal ihale olarak ilan\u00a0eden ilk \u00fclke\u00a0. Brock Pierce, \u201c\u00a0Bitcoin El\u00e7ileri Resmi Delegasyonu\u00a0\u201dnun Ba\u015fkan Bukele ve di\u011fer h\u00fck\u00fcmet&#046;&#046;&#046;\" \/>\n<meta property=\"og:url\" content=\"https:\/\/bitcoingazete.com\/en\/brock-pierce-neden-el-salvadorda-resmi-bitcoin-delegasyonuna-onderlik-ediyor\/\" \/>\n<meta property=\"og:site_name\" content=\"bitcoingazete\" \/>\n<meta property=\"article:published_time\" content=\"2021-06-18T07:59:53+00:00\" \/>\n<meta property=\"article:modified_time\" content=\"2021-06-18T08:00:06+00:00\" \/>\n<meta property=\"og:image\" content=\"https:\/\/i1.wp.com\/bitcoingazete.com\/wp-content\/uploads\/2021\/06\/brock-pierce.jpeg?fit=960%2C540&ssl=1\" \/>\n\t<meta property=\"og:image:width\" content=\"960\" \/>\n\t<meta property=\"og:image:height\" content=\"540\" \/>\n\t<meta property=\"og:image:type\" content=\"image\/jpeg\" \/>\n<meta name=\"author\" content=\"Bitcoingazete\" \/>\n<meta name=\"twitter:card\" content=\"summary_large_image\" \/>\n<meta name=\"twitter:creator\" content=\"@admin\" \/>\n<meta name=\"twitter:site\" content=\"@admin\" \/>\n<meta name=\"twitter:label1\" content=\"Written by\" \/>\n\t<meta name=\"twitter:data1\" content=\"Bitcoingazete\" \/>\n\t<meta name=\"twitter:label2\" content=\"Estimated reading time\" \/>\n\t<meta name=\"twitter:data2\" content=\"3 minutes\" \/>\n<script type=\"application\/ld+json\" class=\"yoast-schema-graph\">{\"@context\":\"https:\\\/\\\/schema.org\",\"@graph\":[{\"@type\":\"Article\",\"@id\":\"https:\\\/\\\/bitcoingazete.com\\\/brock-pierce-neden-el-salvadorda-resmi-bitcoin-delegasyonuna-onderlik-ediyor\\\/#article\",\"isPartOf\":{\"@id\":\"https:\\\/\\\/bitcoingazete.com\\\/brock-pierce-neden-el-salvadorda-resmi-bitcoin-delegasyonuna-onderlik-ediyor\\\/\"},\"author\":{\"name\":\"Bitcoingazete\",\"@id\":\"https:\\\/\\\/bitcoingazete.com\\\/#\\\/schema\\\/person\\\/c0a424e64fb9018954d8deb9db9353a3\"},\"headline\":\"Brock Pierce Neden El Salvador&#8217;da \u201cResmi Bitcoin Delegasyonuna\u201d \u00d6nderlik Ediyor?\",\"datePublished\":\"2021-06-18T07:59:53+00:00\",\"dateModified\":\"2021-06-18T08:00:06+00:00\",\"mainEntityOfPage\":{\"@id\":\"https:\\\/\\\/bitcoingazete.com\\\/brock-pierce-neden-el-salvadorda-resmi-bitcoin-delegasyonuna-onderlik-ediyor\\\/\"},\"wordCount\":603,\"commentCount\":0,\"publisher\":{\"@id\":\"https:\\\/\\\/bitcoingazete.com\\\/#\\\/schema\\\/person\\\/c0a424e64fb9018954d8deb9db9353a3\"},\"image\":{\"@id\":\"https:\\\/\\\/bitcoingazete.com\\\/brock-pierce-neden-el-salvadorda-resmi-bitcoin-delegasyonuna-onderlik-ediyor\\\/#primaryimage\"},\"thumbnailUrl\":\"https:\\\/\\\/i0.wp.com\\\/bitcoingazete.com\\\/wp-content\\\/uploads\\\/2021\\\/06\\\/brock-pierce.jpeg?fit=960%2C540&ssl=1\",\"keywords\":[\"bitcoin gazete\",\"brock pierce\"],\"articleSection\":[\"Haberler\"],\"inLanguage\":\"en-GB\",\"potentialAction\":[{\"@type\":\"CommentAction\",\"name\":\"Comment\",\"target\":[\"https:\\\/\\\/bitcoingazete.com\\\/brock-pierce-neden-el-salvadorda-resmi-bitcoin-delegasyonuna-onderlik-ediyor\\\/#respond\"]}]},{\"@type\":\"WebPage\",\"@id\":\"https:\\\/\\\/bitcoingazete.com\\\/brock-pierce-neden-el-salvadorda-resmi-bitcoin-delegasyonuna-onderlik-ediyor\\\/\",\"url\":\"https:\\\/\\\/bitcoingazete.com\\\/brock-pierce-neden-el-salvadorda-resmi-bitcoin-delegasyonuna-onderlik-ediyor\\\/\",\"name\":\"Brock Pierce Neden El Salvador'da \u201cResmi Bitcoin Delegasyonuna\u201d \u00d6nderlik Ediyor? - bitcoingazete\",\"isPartOf\":{\"@id\":\"https:\\\/\\\/bitcoingazete.com\\\/#website\"},\"primaryImageOfPage\":{\"@id\":\"https:\\\/\\\/bitcoingazete.com\\\/brock-pierce-neden-el-salvadorda-resmi-bitcoin-delegasyonuna-onderlik-ediyor\\\/#primaryimage\"},\"image\":{\"@id\":\"https:\\\/\\\/bitcoingazete.com\\\/brock-pierce-neden-el-salvadorda-resmi-bitcoin-delegasyonuna-onderlik-ediyor\\\/#primaryimage\"},\"thumbnailUrl\":\"https:\\\/\\\/i0.wp.com\\\/bitcoingazete.com\\\/wp-content\\\/uploads\\\/2021\\\/06\\\/brock-pierce.jpeg?fit=960%2C540&ssl=1\",\"datePublished\":\"2021-06-18T07:59:53+00:00\",\"dateModified\":\"2021-06-18T08:00:06+00:00\",\"breadcrumb\":{\"@id\":\"https:\\\/\\\/bitcoingazete.com\\\/brock-pierce-neden-el-salvadorda-resmi-bitcoin-delegasyonuna-onderlik-ediyor\\\/#breadcrumb\"},\"inLanguage\":\"en-GB\",\"potentialAction\":[{\"@type\":\"ReadAction\",\"target\":[\"https:\\\/\\\/bitcoingazete.com\\\/brock-pierce-neden-el-salvadorda-resmi-bitcoin-delegasyonuna-onderlik-ediyor\\\/\"]}]},{\"@type\":\"ImageObject\",\"inLanguage\":\"en-GB\",\"@id\":\"https:\\\/\\\/bitcoingazete.com\\\/brock-pierce-neden-el-salvadorda-resmi-bitcoin-delegasyonuna-onderlik-ediyor\\\/#primaryimage\",\"url\":\"https:\\\/\\\/i0.wp.com\\\/bitcoingazete.com\\\/wp-content\\\/uploads\\\/2021\\\/06\\\/brock-pierce.jpeg?fit=960%2C540&ssl=1\",\"contentUrl\":\"https:\\\/\\\/i0.wp.com\\\/bitcoingazete.com\\\/wp-content\\\/uploads\\\/2021\\\/06\\\/brock-pierce.jpeg?fit=960%2C540&ssl=1\",\"width\":960,\"height\":540},{\"@type\":\"BreadcrumbList\",\"@id\":\"https:\\\/\\\/bitcoingazete.com\\\/brock-pierce-neden-el-salvadorda-resmi-bitcoin-delegasyonuna-onderlik-ediyor\\\/#breadcrumb\",\"itemListElement\":[{\"@type\":\"ListItem\",\"position\":1,\"name\":\"Home\",\"item\":\"https:\\\/\\\/bitcoingazete.com\\\/\"},{\"@type\":\"ListItem\",\"position\":2,\"name\":\"Brock Pierce Neden El Salvador&#8217;da \u201cResmi Bitcoin Delegasyonuna\u201d \u00d6nderlik Ediyor?\"}]},{\"@type\":\"WebSite\",\"@id\":\"https:\\\/\\\/bitcoingazete.com\\\/#website\",\"url\":\"https:\\\/\\\/bitcoingazete.com\\\/\",\"name\":\"bitcoingazete\",\"description\":\"bitcoingazete\",\"publisher\":{\"@id\":\"https:\\\/\\\/bitcoingazete.com\\\/#\\\/schema\\\/person\\\/c0a424e64fb9018954d8deb9db9353a3\"},\"potentialAction\":[{\"@type\":\"SearchAction\",\"target\":{\"@type\":\"EntryPoint\",\"urlTemplate\":\"https:\\\/\\\/bitcoingazete.com\\\/?s={search_term_string}\"},\"query-input\":{\"@type\":\"PropertyValueSpecification\",\"valueRequired\":true,\"valueName\":\"search_term_string\"}}],\"inLanguage\":\"en-GB\"},{\"@type\":[\"Person\",\"Organization\"],\"@id\":\"https:\\\/\\\/bitcoingazete.com\\\/#\\\/schema\\\/person\\\/c0a424e64fb9018954d8deb9db9353a3\",\"name\":\"Bitcoingazete\",\"image\":{\"@type\":\"ImageObject\",\"inLanguage\":\"en-GB\",\"@id\":\"https:\\\/\\\/secure.gravatar.com\\\/avatar\\\/45aa7db6007ede6bc0bc4c5af22a8653a35099f44bd51060a992214d2cfeff92?s=96&d=mm&r=g\",\"url\":\"https:\\\/\\\/secure.gravatar.com\\\/avatar\\\/45aa7db6007ede6bc0bc4c5af22a8653a35099f44bd51060a992214d2cfeff92?s=96&d=mm&r=g\",\"contentUrl\":\"https:\\\/\\\/secure.gravatar.com\\\/avatar\\\/45aa7db6007ede6bc0bc4c5af22a8653a35099f44bd51060a992214d2cfeff92?s=96&d=mm&r=g\",\"caption\":\"Bitcoingazete\"},\"logo\":{\"@id\":\"https:\\\/\\\/secure.gravatar.com\\\/avatar\\\/45aa7db6007ede6bc0bc4c5af22a8653a35099f44bd51060a992214d2cfeff92?s=96&d=mm&r=g\"},\"description\":\"BITCOIN &amp; BLOCKCHAIN Sekt\u00f6r\u00fcnde 2015 y\u0131l\u0131 itibari ile uzman kadrosu ile hizmet vermekteyiz. Amac\u0131m\u0131z do\u011fru ve g\u00fcncel BITCOIN Haberlerini g\u00fcnl\u00fck iletmektir.\",\"sameAs\":[\"https:\\\/\\\/x.com\\\/admin\"]}]}<\/script>\n<!-- \/ Yoast SEO plugin. -->","yoast_head_json":{"title":"Brock Pierce Neden El Salvador'da \u201cResmi Bitcoin Delegasyonuna\u201d \u00d6nderlik Ediyor? - bitcoingazete","robots":{"index":"index","follow":"follow","max-snippet":"max-snippet:-1","max-image-preview":"max-image-preview:large","max-video-preview":"max-video-preview:-1"},"canonical":"https:\/\/bitcoingazete.com\/en\/brock-pierce-neden-el-salvadorda-resmi-bitcoin-delegasyonuna-onderlik-ediyor\/","og_locale":"en_GB","og_type":"article","og_title":"Brock Pierce Neden El Salvador'da \u201cResmi Bitcoin Delegasyonuna\u201d \u00d6nderlik Ediyor? - bitcoingazete","og_description":"El Salvador, \u00a0BTC&#8217;yi yasal ihale olarak ilan\u00a0eden ilk \u00fclke\u00a0. Brock Pierce, \u201c\u00a0Bitcoin El\u00e7ileri Resmi Delegasyonu\u00a0\u201dnun Ba\u015fkan Bukele ve di\u011fer h\u00fck\u00fcmet&#46;&#46;&#46;","og_url":"https:\/\/bitcoingazete.com\/en\/brock-pierce-neden-el-salvadorda-resmi-bitcoin-delegasyonuna-onderlik-ediyor\/","og_site_name":"bitcoingazete","article_published_time":"2021-06-18T07:59:53+00:00","article_modified_time":"2021-06-18T08:00:06+00:00","og_image":[{"width":960,"height":540,"url":"https:\/\/i1.wp.com\/bitcoingazete.com\/wp-content\/uploads\/2021\/06\/brock-pierce.jpeg?fit=960%2C540&ssl=1","type":"image\/jpeg"}],"author":"Bitcoingazete","twitter_card":"summary_large_image","twitter_creator":"@admin","twitter_site":"@admin","twitter_misc":{"Written by":"Bitcoingazete","Estimated reading time":"3 minutes"},"schema":{"@context":"https:\/\/schema.org","@graph":[{"@type":"Article","@id":"https:\/\/bitcoingazete.com\/brock-pierce-neden-el-salvadorda-resmi-bitcoin-delegasyonuna-onderlik-ediyor\/#article","isPartOf":{"@id":"https:\/\/bitcoingazete.com\/brock-pierce-neden-el-salvadorda-resmi-bitcoin-delegasyonuna-onderlik-ediyor\/"},"author":{"name":"Bitcoingazete","@id":"https:\/\/bitcoingazete.com\/#\/schema\/person\/c0a424e64fb9018954d8deb9db9353a3"},"headline":"Brock Pierce Neden El Salvador&#8217;da \u201cResmi Bitcoin Delegasyonuna\u201d \u00d6nderlik Ediyor?","datePublished":"2021-06-18T07:59:53+00:00","dateModified":"2021-06-18T08:00:06+00:00","mainEntityOfPage":{"@id":"https:\/\/bitcoingazete.com\/brock-pierce-neden-el-salvadorda-resmi-bitcoin-delegasyonuna-onderlik-ediyor\/"},"wordCount":603,"commentCount":0,"publisher":{"@id":"https:\/\/bitcoingazete.com\/#\/schema\/person\/c0a424e64fb9018954d8deb9db9353a3"},"image":{"@id":"https:\/\/bitcoingazete.com\/brock-pierce-neden-el-salvadorda-resmi-bitcoin-delegasyonuna-onderlik-ediyor\/#primaryimage"},"thumbnailUrl":"https:\/\/i0.wp.com\/bitcoingazete.com\/wp-content\/uploads\/2021\/06\/brock-pierce.jpeg?fit=960%2C540&ssl=1","keywords":["bitcoin gazete","brock pierce"],"articleSection":["Haberler"],"inLanguage":"en-GB","potentialAction":[{"@type":"CommentAction","name":"Comment","target":["https:\/\/bitcoingazete.com\/brock-pierce-neden-el-salvadorda-resmi-bitcoin-delegasyonuna-onderlik-ediyor\/#respond"]}]},{"@type":"WebPage","@id":"https:\/\/bitcoingazete.com\/brock-pierce-neden-el-salvadorda-resmi-bitcoin-delegasyonuna-onderlik-ediyor\/","url":"https:\/\/bitcoingazete.com\/brock-pierce-neden-el-salvadorda-resmi-bitcoin-delegasyonuna-onderlik-ediyor\/","name":"Brock Pierce Neden El Salvador'da \u201cResmi Bitcoin Delegasyonuna\u201d \u00d6nderlik Ediyor? - bitcoingazete","isPartOf":{"@id":"https:\/\/bitcoingazete.com\/#website"},"primaryImageOfPage":{"@id":"https:\/\/bitcoingazete.com\/brock-pierce-neden-el-salvadorda-resmi-bitcoin-delegasyonuna-onderlik-ediyor\/#primaryimage"},"image":{"@id":"https:\/\/bitcoingazete.com\/brock-pierce-neden-el-salvadorda-resmi-bitcoin-delegasyonuna-onderlik-ediyor\/#primaryimage"},"thumbnailUrl":"https:\/\/i0.wp.com\/bitcoingazete.com\/wp-content\/uploads\/2021\/06\/brock-pierce.jpeg?fit=960%2C540&ssl=1","datePublished":"2021-06-18T07:59:53+00:00","dateModified":"2021-06-18T08:00:06+00:00","breadcrumb":{"@id":"https:\/\/bitcoingazete.com\/brock-pierce-neden-el-salvadorda-resmi-bitcoin-delegasyonuna-onderlik-ediyor\/#breadcrumb"},"inLanguage":"en-GB","potentialAction":[{"@type":"ReadAction","target":["https:\/\/bitcoingazete.com\/brock-pierce-neden-el-salvadorda-resmi-bitcoin-delegasyonuna-onderlik-ediyor\/"]}]},{"@type":"ImageObject","inLanguage":"en-GB","@id":"https:\/\/bitcoingazete.com\/brock-pierce-neden-el-salvadorda-resmi-bitcoin-delegasyonuna-onderlik-ediyor\/#primaryimage","url":"https:\/\/i0.wp.com\/bitcoingazete.com\/wp-content\/uploads\/2021\/06\/brock-pierce.jpeg?fit=960%2C540&ssl=1","contentUrl":"https:\/\/i0.wp.com\/bitcoingazete.com\/wp-content\/uploads\/2021\/06\/brock-pierce.jpeg?fit=960%2C540&ssl=1","width":960,"height":540},{"@type":"BreadcrumbList","@id":"https:\/\/bitcoingazete.com\/brock-pierce-neden-el-salvadorda-resmi-bitcoin-delegasyonuna-onderlik-ediyor\/#breadcrumb","itemListElement":[{"@type":"ListItem","position":1,"name":"Home","item":"https:\/\/bitcoingazete.com\/"},{"@type":"ListItem","position":2,"name":"Brock Pierce Neden El Salvador&#8217;da \u201cResmi Bitcoin Delegasyonuna\u201d \u00d6nderlik Ediyor?"}]},{"@type":"WebSite","@id":"https:\/\/bitcoingazete.com\/#website","url":"https:\/\/bitcoingazete.com\/","name":"bitcoingazete","description":"bitcoingazete","publisher":{"@id":"https:\/\/bitcoingazete.com\/#\/schema\/person\/c0a424e64fb9018954d8deb9db9353a3"},"potentialAction":[{"@type":"SearchAction","target":{"@type":"EntryPoint","urlTemplate":"https:\/\/bitcoingazete.com\/?s={search_term_string}"},"query-input":{"@type":"PropertyValueSpecification","valueRequired":true,"valueName":"search_term_string"}}],"inLanguage":"en-GB"},{"@type":["Person","Organization"],"@id":"https:\/\/bitcoingazete.com\/#\/schema\/person\/c0a424e64fb9018954d8deb9db9353a3","name":"Bitcoingazete","image":{"@type":"ImageObject","inLanguage":"en-GB","@id":"https:\/\/secure.gravatar.com\/avatar\/45aa7db6007ede6bc0bc4c5af22a8653a35099f44bd51060a992214d2cfeff92?s=96&d=mm&r=g","url":"https:\/\/secure.gravatar.com\/avatar\/45aa7db6007ede6bc0bc4c5af22a8653a35099f44bd51060a992214d2cfeff92?s=96&d=mm&r=g","contentUrl":"https:\/\/secure.gravatar.com\/avatar\/45aa7db6007ede6bc0bc4c5af22a8653a35099f44bd51060a992214d2cfeff92?s=96&d=mm&r=g","caption":"Bitcoingazete"},"logo":{"@id":"https:\/\/secure.gravatar.com\/avatar\/45aa7db6007ede6bc0bc4c5af22a8653a35099f44bd51060a992214d2cfeff92?s=96&d=mm&r=g"},"description":"BITCOIN &amp; BLOCKCHAIN Sekt\u00f6r\u00fcnde 2015 y\u0131l\u0131 itibari ile uzman kadrosu ile hizmet vermekteyiz. Amac\u0131m\u0131z do\u011fru ve g\u00fcncel BITCOIN Haberlerini g\u00fcnl\u00fck iletmektir.","sameAs":["https:\/\/x.com\/admin"]}]}},"jetpack_featured_media_url":"https:\/\/i0.wp.com\/bitcoingazete.com\/wp-content\/uploads\/2021\/06\/brock-pierce.jpeg?fit=960%2C540&ssl=1","jetpack_sharing_enabled":true,"amp_enabled":true,"_links":{"self":[{"href":"https:\/\/bitcoingazete.com\/en\/wp-json\/wp\/v2\/posts\/1383","targetHints":{"allow":["GET"]}}],"collection":[{"href":"https:\/\/bitcoingazete.com\/en\/wp-json\/wp\/v2\/posts"}],"about":[{"href":"https:\/\/bitcoingazete.com\/en\/wp-json\/wp\/v2\/types\/post"}],"author":[{"embeddable":true,"href":"https:\/\/bitcoingazete.com\/en\/wp-json\/wp\/v2\/users\/1"}],"replies":[{"embeddable":true,"href":"https:\/\/bitcoingazete.com\/en\/wp-json\/wp\/v2\/comments?post=1383"}],"version-history":[{"count":1,"href":"https:\/\/bitcoingazete.com\/en\/wp-json\/wp\/v2\/posts\/1383\/revisions"}],"predecessor-version":[{"id":1385,"href":"https:\/\/bitcoingazete.com\/en\/wp-json\/wp\/v2\/posts\/1383\/revisions\/1385"}],"wp:featuredmedia":[{"embeddable":true,"href":"https:\/\/bitcoingazete.com\/en\/wp-json\/wp\/v2\/media\/1384"}],"wp:attachment":[{"href":"https:\/\/bitcoingazete.com\/en\/wp-json\/wp\/v2\/media?parent=1383"}],"wp:term":[{"taxonomy":"category","embeddable":true,"href":"https:\/\/bitcoingazete.com\/en\/wp-json\/wp\/v2\/categories?post=1383"},{"taxonomy":"post_tag","embeddable":true,"href":"https:\/\/bitcoingazete.com\/en\/wp-json\/wp\/v2\/tags?post=1383"}],"curies":[{"name":"wp","href":"https:\/\/api.w.org\/{rel}","templated":true}]}}